{"id":5550,"date":"2024-10-19T12:32:23","date_gmt":"2024-10-19T18:32:23","guid":{"rendered":"https:\/\/plumanegranoticias.com\/?p=5550"},"modified":"2024-10-19T12:33:49","modified_gmt":"2024-10-19T18:33:49","slug":"mata-a-su-padre-en-ixtac","status":"publish","type":"post","link":"https:\/\/plumanegranoticias.com\/?p=5550","title":{"rendered":"MATA A SU PADRE EN IXTAC"},"content":{"rendered":"\n<h1 class=\"wp-block-heading\">Ixtaczoquitl\u00e1n Parricida mat@ a pu\u00f1aladas a su padre en Potrerillo<\/h1>\n\n\n\n<p>Ixtaczoquitl\u00e1n, Ver.-<br \/>Las BrevesMx-Icker Zepeda<br \/>A pu\u00f1aladas mato un hombre de 19 a\u00f1os a su padre al interior de su vivienda asentada en la Unidad Habitacional Potrerillo III, del municipio de Ixtaczoquitl\u00e1n.<\/p>\n\n\n\n<p>El aparente parricida fue detenido por las autoridades policiales y fue puesto a disposici\u00f3n de la Fiscal\u00eda General del Estado para los delitos que le resulten.<br \/>El finado de 40 a\u00f1os y con domicilio en Calle Poniente 6 entre Avenidas El Bosque y Norte 6 de la Unidad Habitacional antes mencionada, fue identificado en el lugar de la tragedia por su madre y uno de sus hermanos, como: Vicente C. D.<\/p>\n\n\n\n<p>El aparente parricida de 19 a\u00f1os, ha sido identificado como Kevin C. K. y con mismo domicilio, el cual enfrenta una fuerte adicci\u00f3n por las drogas y el alcohol, y fue detenido al interior de la vivienda marcada con el n\u00famero 52 cuando ya pretend\u00eda escapar para evadir su responsabilidad.<\/p>\n\n\n\n<p>Alrededor de las 2 de la madrugada de este s\u00e1bado 19 de octubre del presente, una femenina pidi\u00f3 el apoyo a los cuerpos policiales para que se trasladar\u00e1n al domicilio antes se\u00f1alado pues un joven hombre hab\u00eda lesionado con un arma blanca a su padre.<br \/>En cuesti\u00f3n de minutos, al inmueble llegaron oficiales de la Polic\u00eda Municipal as\u00ed como param\u00e9dicos de Protecci\u00f3n Civil, quienes ingresaron al domicilio en compa\u00f1\u00eda del ahora finado, encontrando a Vicente de 40 a\u00f1os de edad sin vida, pues ya no contaba con signos vitales debido a las m\u00faltiples lesiones que present\u00f3 por arma punzocortante.<\/p>\n\n\n\n<p>En una de las habitaciones del mismo domicilio fue encontrado el presunto parricida el cual se encontraba fumando mariguana y cristal, con una maleta en su espalda, pues ya pretend\u00eda abandonar el lugar para escapar, pero inmediatamente fue sometido.<br \/>Cabe se\u00f1alar que, el presunto homicida ya se hab\u00eda ba\u00f1ado y cambiado de ropa; su anterior muda fue encontrada mojada y con manchas con sangre al interior del ba\u00f1o.<br \/>Al sitio tambi\u00e9n lleg\u00f3 la madre del finado e inform\u00f3 a las autoridades policiales que su nieto Kevin C. K., de 19 a\u00f1os, era muy rebelde con su padre, no estudiaba y mucho menos trabajaba, pues solo se la pasaba en su cuarto drog\u00e1ndose.<\/p>\n\n\n\n<p>El presunto asesino fue ingresado a una patrulla y trasladado a la Comandancia de la Polic\u00eda Municipal ubicada en el Barrio San Jos\u00e9, de la Colonia Centro, en d\u00f3nde se le realiz\u00f3 su certificaci\u00f3n m\u00e9dica y despu\u00e9s fue puesto a disposici\u00f3n de la Fiscal\u00eda Regional de Justicia del XV Distrito con sede en Orizaba, para los delitos que le resulten.<\/p>\n\n\n\n<p>Al lugar del crimen llegaron autoridades de la Fiscal\u00eda con Peritos en Criminal\u00edstica y detectives Ministeriales, quienes tomaron conocimiento, realizaron las diligencias pertinentes y efectuaron el levantamiento del cuerpo, el cual fue trasladado al SEMEFO de la ciudad de Orizaba para los tr\u00e1mites correspondientes de ley.<\/p>\n\n\n\n<p>Es de se\u00f1alar que, el domicilio fue acordonado por las autoridades y qued\u00f3 a disposici\u00f3n de la Fiscal\u00eda para las investigaciones complementarias.<\/p>\n\n\n\n<h1 class=\"wp-block-heading\"><\/h1>\n\n\n\n<figure class=\"wp-block-image size-large\"><img loading=\"lazy\" decoding=\"async\" width=\"1024\" height=\"559\" src=\"https:\/\/plumanegranoticias.com\/wp-content\/uploads\/2024\/10\/img-20241019-wa00541371542298682667528-1024x559.jpg\" alt=\"\" class=\"wp-image-5548\" srcset=\"https:\/\/plumanegranoticias.com\/wp-content\/uploads\/2024\/10\/img-20241019-wa00541371542298682667528-1024x559.jpg 1024w, https:\/\/plumanegranoticias.com\/wp-content\/uploads\/2024\/10\/img-20241019-wa00541371542298682667528-300x164.jpg 300w, https:\/\/plumanegranoticias.com\/wp-content\/uploads\/2024\/10\/img-20241019-wa00541371542298682667528-768x419.jpg 768w, https:\/\/plumanegranoticias.com\/wp-content\/uploads\/2024\/10\/img-20241019-wa00541371542298682667528-1536x839.jpg 1536w, https:\/\/plumanegranoticias.com\/wp-content\/uploads\/2024\/10\/img-20241019-wa00541371542298682667528.jpg 1599w\" sizes=\"auto, (max-width: 1024px) 100vw, 1024px\" \/><\/figure>\n","protected":false},"excerpt":{"rendered":"<p>Ixtaczoquitl\u00e1n Parricida mat@ a pu\u00f1aladas a su padre en Potrerillo Ixtaczoquitl\u00e1n, Ver.-Las BrevesMx-Icker ZepedaA pu\u00f1aladas mato un hombre de 19 a\u00f1os a su padre al interior de su vivienda asentada en la Unidad Habitacional Potrerillo III, del municipio de Ixtaczoquitl\u00e1n. El aparente parricida fue detenido por las autoridades policiales y fue puesto a disposici\u00f3n de&#8230; <\/p>\n<div class=\"clear\"><\/div>\n<p><a href=\"https:\/\/plumanegranoticias.com\/?p=5550\" class=\"excerpt-read-more\">Read More<i class=\"fa fa-caret-right icon-caret-right\"><\/i><\/a><\/p>\n","protected":false},"author":2,"featured_media":5549,"comment_status":"open","ping_status":"open","sticky":false,"template":"","format":"standard","meta":{"om_disable_all_campaigns":false,"_monsterinsights_skip_tracking":false,"_monsterinsights_sitenote_active":false,"_monsterinsights_sitenote_note":"","_monsterinsights_sitenote_category":0,"_uf_show_specific_survey":0,"_uf_disable_surveys":false,"footnotes":""},"categories":[1],"tags":[22,18,34],"class_list":["post-5550","post","type-post","status-publish","format-standard","has-post-thumbnail","hentry","category-blog","tag-nota-roja","tag-noticia","tag-policiaca"],"aioseo_notices":[],"_links":{"self":[{"href":"https:\/\/plumanegranoticias.com\/index.php?rest_route=\/wp\/v2\/posts\/5550","targetHints":{"allow":["GET"]}}],"collection":[{"href":"https:\/\/plumanegranoticias.com\/index.php?rest_route=\/wp\/v2\/posts"}],"about":[{"href":"https:\/\/plumanegranoticias.com\/index.php?rest_route=\/wp\/v2\/types\/post"}],"author":[{"embeddable":true,"href":"https:\/\/plumanegranoticias.com\/index.php?rest_route=\/wp\/v2\/users\/2"}],"replies":[{"embeddable":true,"href":"https:\/\/plumanegranoticias.com\/index.php?rest_route=%2Fwp%2Fv2%2Fcomments&post=5550"}],"version-history":[{"count":1,"href":"https:\/\/plumanegranoticias.com\/index.php?rest_route=\/wp\/v2\/posts\/5550\/revisions"}],"predecessor-version":[{"id":5551,"href":"https:\/\/plumanegranoticias.com\/index.php?rest_route=\/wp\/v2\/posts\/5550\/revisions\/5551"}],"wp:featuredmedia":[{"embeddable":true,"href":"https:\/\/plumanegranoticias.com\/index.php?rest_route=\/wp\/v2\/media\/5549"}],"wp:attachment":[{"href":"https:\/\/plumanegranoticias.com\/index.php?rest_route=%2Fwp%2Fv2%2Fmedia&parent=5550"}],"wp:term":[{"taxonomy":"category","embeddable":true,"href":"https:\/\/plumanegranoticias.com\/index.php?rest_route=%2Fwp%2Fv2%2Fcategories&post=5550"},{"taxonomy":"post_tag","embeddable":true,"href":"https:\/\/plumanegranoticias.com\/index.php?rest_route=%2Fwp%2Fv2%2Ftags&post=5550"}],"curies":[{"name":"wp","href":"https:\/\/api.w.org\/{rel}","templated":true}]}}