{"id":5554,"date":"2024-10-20T11:17:38","date_gmt":"2024-10-20T17:17:38","guid":{"rendered":"https:\/\/plumanegranoticias.com\/?p=5554"},"modified":"2024-10-20T11:18:24","modified_gmt":"2024-10-20T17:18:24","slug":"regresan-a-colombia-victimas-de-trata-en-veracruz","status":"publish","type":"post","link":"https:\/\/plumanegranoticias.com\/?p=5554","title":{"rendered":"REGRESAN A COLOMBIA V\u00cdCTIMAS DE TRATA EN VERACRUZ\u00a0"},"content":{"rendered":"\n<p>Familiares de las colombianas v\u00edctimas de trata de personas y secuestro en Veracruz, regresaron este domingo a su pa\u00eds, tras 18 d\u00edas retenidas en la Fiscal\u00eda General de Veracruz para desahogar pruebas del secuestro que sufrieron el 25 de septiembre, del que fueron rescatadas el 1 de octubre pasado.<\/p>\n\n\n\n<p>De acuerdo a la informaci\u00f3n de su familia, cinco&nbsp; de las seis mujeres involucradas viajaron ayer s\u00e1bado de Veracruz a la ciudad de M\u00e9xico, desde donde volaron a Colombia para ser recibidas por su familia, una de ellas decidi\u00f3 quedarse en M\u00e9xico por su propia voluntad.<\/p>\n\n\n\n<p>Hasta el momento la Fiscal\u00eda General del Estado de Veracruz, no ha informado de manera oficial del procedimiento legal sobre los hechos.<\/p>\n\n\n\n<p>En d\u00edas pasados, la Fiscal\u00eda de Veracruz inform\u00f3 que de la detenci\u00f3n de Yessica Anah\u00ed Ram\u00edrez Mar\u00edn al\u00edas Madame Lilith y de Julio Cesas N quien era el chofer que trasladaba a las mujeres.<\/p>\n\n\n\n<p>Las colombianas son: Derlis Dayana Paneso Taborda de 25 a\u00f1os; Sof\u00eda Vel\u00e1squez Giraldo de 21 a\u00f1os y Yarlin Giraldo de 21 a\u00f1os originarias de Medell\u00edn; Marianyeli Michel Chac\u00f3n \u00c1lvarez de C\u00facuta, Michel Daniela Morales&nbsp; de&nbsp; 21 a\u00f1os de las ciudad&nbsp; de Bogot\u00e1 y una sexta de nombre Leyna N, quienes trabajaron como modelos y damas de compa\u00f1\u00eda y al momento de su desaparici\u00f3n, sus familiares en Colombia recibieron llamadas para exigir fuertes sumas a cambio de la liberaci\u00f3n.<\/p>\n\n\n\n<figure class=\"wp-block-image size-large\"><img loading=\"lazy\" decoding=\"async\" width=\"1024\" height=\"1024\" src=\"https:\/\/plumanegranoticias.com\/wp-content\/uploads\/2024\/10\/fb_img_17294446062966020725075542804507-1024x1024.jpg\" alt=\"\" class=\"wp-image-5552\" srcset=\"https:\/\/plumanegranoticias.com\/wp-content\/uploads\/2024\/10\/fb_img_17294446062966020725075542804507-1024x1024.jpg 1024w, https:\/\/plumanegranoticias.com\/wp-content\/uploads\/2024\/10\/fb_img_17294446062966020725075542804507-300x300.jpg 300w, https:\/\/plumanegranoticias.com\/wp-content\/uploads\/2024\/10\/fb_img_17294446062966020725075542804507-150x150.jpg 150w, https:\/\/plumanegranoticias.com\/wp-content\/uploads\/2024\/10\/fb_img_17294446062966020725075542804507-768x768.jpg 768w, https:\/\/plumanegranoticias.com\/wp-content\/uploads\/2024\/10\/fb_img_17294446062966020725075542804507-400x400.jpg 400w, https:\/\/plumanegranoticias.com\/wp-content\/uploads\/2024\/10\/fb_img_17294446062966020725075542804507.jpg 1080w\" sizes=\"auto, (max-width: 1024px) 100vw, 1024px\" \/><\/figure>\n","protected":false},"excerpt":{"rendered":"<p>Familiares de las colombianas v\u00edctimas de trata de personas y secuestro en Veracruz, regresaron este domingo a su pa\u00eds, tras 18 d\u00edas retenidas en la Fiscal\u00eda General de Veracruz para desahogar pruebas del secuestro que sufrieron el 25 de septiembre, del que fueron rescatadas el 1 de octubre pasado. De acuerdo a la informaci\u00f3n de&#8230; <\/p>\n<div class=\"clear\"><\/div>\n<p><a href=\"https:\/\/plumanegranoticias.com\/?p=5554\" class=\"excerpt-read-more\">Read More<i class=\"fa fa-caret-right icon-caret-right\"><\/i><\/a><\/p>\n","protected":false},"author":2,"featured_media":5553,"comment_status":"open","ping_status":"open","sticky":false,"template":"","format":"standard","meta":{"om_disable_all_campaigns":false,"_monsterinsights_skip_tracking":false,"_monsterinsights_sitenote_active":false,"_monsterinsights_sitenote_note":"","_monsterinsights_sitenote_category":0,"_uf_show_specific_survey":0,"_uf_disable_surveys":false,"footnotes":""},"categories":[1],"tags":[28,18,61,19],"class_list":["post-5554","post","type-post","status-publish","format-standard","has-post-thumbnail","hentry","category-blog","tag-nacionales","tag-noticia","tag-politica","tag-regional"],"aioseo_notices":[],"_links":{"self":[{"href":"https:\/\/plumanegranoticias.com\/index.php?rest_route=\/wp\/v2\/posts\/5554","targetHints":{"allow":["GET"]}}],"collection":[{"href":"https:\/\/plumanegranoticias.com\/index.php?rest_route=\/wp\/v2\/posts"}],"about":[{"href":"https:\/\/plumanegranoticias.com\/index.php?rest_route=\/wp\/v2\/types\/post"}],"author":[{"embeddable":true,"href":"https:\/\/plumanegranoticias.com\/index.php?rest_route=\/wp\/v2\/users\/2"}],"replies":[{"embeddable":true,"href":"https:\/\/plumanegranoticias.com\/index.php?rest_route=%2Fwp%2Fv2%2Fcomments&post=5554"}],"version-history":[{"count":1,"href":"https:\/\/plumanegranoticias.com\/index.php?rest_route=\/wp\/v2\/posts\/5554\/revisions"}],"predecessor-version":[{"id":5555,"href":"https:\/\/plumanegranoticias.com\/index.php?rest_route=\/wp\/v2\/posts\/5554\/revisions\/5555"}],"wp:featuredmedia":[{"embeddable":true,"href":"https:\/\/plumanegranoticias.com\/index.php?rest_route=\/wp\/v2\/media\/5553"}],"wp:attachment":[{"href":"https:\/\/plumanegranoticias.com\/index.php?rest_route=%2Fwp%2Fv2%2Fmedia&parent=5554"}],"wp:term":[{"taxonomy":"category","embeddable":true,"href":"https:\/\/plumanegranoticias.com\/index.php?rest_route=%2Fwp%2Fv2%2Fcategories&post=5554"},{"taxonomy":"post_tag","embeddable":true,"href":"https:\/\/plumanegranoticias.com\/index.php?rest_route=%2Fwp%2Fv2%2Ftags&post=5554"}],"curies":[{"name":"wp","href":"https:\/\/api.w.org\/{rel}","templated":true}]}}