{"id":5565,"date":"2024-10-20T13:03:07","date_gmt":"2024-10-20T19:03:07","guid":{"rendered":"https:\/\/plumanegranoticias.com\/?p=5565"},"modified":"2024-10-20T13:03:46","modified_gmt":"2024-10-20T19:03:46","slug":"denuncia-de-sheinbaum-contra-jueza-mal-precedente-para-la-nacion-ortega","status":"publish","type":"post","link":"https:\/\/plumanegranoticias.com\/?p=5565","title":{"rendered":"Denuncia de Sheinbaum contra Jueza, mal precedente para la naci\u00f3n: Ortega"},"content":{"rendered":"\n<p>-Ahora tienen que analizar y votar la reforma de la reforma que aprob\u00f3 la mayor\u00eda de Morena al vapor<\/p>\n\n\n\n<p>\u00c1ngeles Gonz\u00e1lez Ceballos<br \/>Xalapa, Ver<\/p>\n\n\n\n<p>La coordinadora de los diputados federales de Movimiento Ciudadano, en la C\u00e1mara de Diputados, Ivonne Ortega Pacheco, opin\u00f3 que la amenaza de la presidenta Claudia Sheinbaum contra la jueza Nancy Ju\u00e1rez Salas, sienta un mal precendente para el Pa\u00eds.<\/p>\n\n\n\n<p>La togada orden\u00f3 a la presidenta Claudia Sheinbaum Pardo elimine la publicaci\u00f3n del Diario Oficial de la Federaci\u00f3n (DOF) en torno a la reforma al Poder Judicial, a lo cual la titular del Poder Ejecutivo respondi\u00f3 que no lo har\u00eda y fue m\u00e1s all\u00e1, al advertir que la Jueza ser\u00eda denunciada.<\/p>\n\n\n\n<p>Nancy Ju\u00e1rez Salas est\u00e1 adscrita al Juzgado D\u00e9cimo Noveno de Distrito del estado de Veracruz con residencia en Coatzacoalcos y promovi\u00f3 un amparo para obligar a la Presidenta eliminar dicha publicaci\u00f3n.<\/p>\n\n\n\n<p>Al respecto, Ivonne Ortega manifest\u00f3 que hoy est\u00e1n pagando la factura de hacer las cosas al vapor.<\/p>\n\n\n\n<p>&#8220;Hoy mismo el coordinador de Morena, Ricardo Monreal anunci\u00f3 que se tiene que hacer una reforma de la reforma porque en el momento del debate, la correcci\u00f3n\u2026 se duplican en p\u00e1rrafo, un p\u00e1rrafo se contradice con el otro que no quisieron arreglar y por eso no le movieron ni una coma&#8221;, se\u00f1al\u00f3.<\/p>\n\n\n\n<p>Por ello, recalc\u00f3 que ahora tendr\u00e1n que hacer una reforma de la reforma.<\/p>\n\n\n\n<p>Record\u00f3 que como bancada, de manera individual como diputados han interpuesto varios recursos, por lo que esperar\u00e1n que \u00e9stos se cumplan.<\/p>\n\n\n\n<p>Mencion\u00f3 que la actual Constituci\u00f3n cumpli\u00f3 200 a\u00f1os pero lamentablemente ha sido muy violada.<\/p>\n\n\n\n<p>En el caso de Veracruz, expres\u00f3 que tras el trabajo de Sergio Gil Rull\u00e1n al frente del Partido, este podr\u00e1 continuar con el desempe\u00f1o de Luis Carbonell de la Hoz.<\/p>\n\n\n\n<p>&#8220;Por lo que sin duda en el 2025 seremos la sorpresa&#8221;, asever\u00f3 y no descart\u00f3 que en otras entidades donde habr\u00e1 elecciones pr\u00f3ximamente, les ir\u00e1 bien.<\/p>\n\n\n\n<figure class=\"wp-block-image size-large\"><img loading=\"lazy\" decoding=\"async\" width=\"1024\" height=\"576\" src=\"https:\/\/plumanegranoticias.com\/wp-content\/uploads\/2024\/10\/img-20241020-wa00444707812283824664932-1024x576.jpg\" alt=\"\" class=\"wp-image-5564\" srcset=\"https:\/\/plumanegranoticias.com\/wp-content\/uploads\/2024\/10\/img-20241020-wa00444707812283824664932-1024x576.jpg 1024w, https:\/\/plumanegranoticias.com\/wp-content\/uploads\/2024\/10\/img-20241020-wa00444707812283824664932-300x169.jpg 300w, https:\/\/plumanegranoticias.com\/wp-content\/uploads\/2024\/10\/img-20241020-wa00444707812283824664932-768x432.jpg 768w, https:\/\/plumanegranoticias.com\/wp-content\/uploads\/2024\/10\/img-20241020-wa00444707812283824664932.jpg 1280w\" sizes=\"auto, (max-width: 1024px) 100vw, 1024px\" \/><\/figure>\n","protected":false},"excerpt":{"rendered":"<p>-Ahora tienen que analizar y votar la reforma de la reforma que aprob\u00f3 la mayor\u00eda de Morena al vapor \u00c1ngeles Gonz\u00e1lez CeballosXalapa, Ver La coordinadora de los diputados federales de Movimiento Ciudadano, en la C\u00e1mara de Diputados, Ivonne Ortega Pacheco, opin\u00f3 que la amenaza de la presidenta Claudia Sheinbaum contra la jueza Nancy Ju\u00e1rez Salas,&#8230; <\/p>\n<div class=\"clear\"><\/div>\n<p><a href=\"https:\/\/plumanegranoticias.com\/?p=5565\" class=\"excerpt-read-more\">Read More<i class=\"fa fa-caret-right icon-caret-right\"><\/i><\/a><\/p>\n","protected":false},"author":2,"featured_media":5567,"comment_status":"open","ping_status":"open","sticky":false,"template":"","format":"standard","meta":{"om_disable_all_campaigns":false,"_monsterinsights_skip_tracking":false,"_monsterinsights_sitenote_active":false,"_monsterinsights_sitenote_note":"","_monsterinsights_sitenote_category":0,"_uf_show_specific_survey":0,"_uf_disable_surveys":false,"footnotes":""},"categories":[1],"tags":[18,61,31],"class_list":["post-5565","post","type-post","status-publish","format-standard","has-post-thumbnail","hentry","category-blog","tag-noticia","tag-politica","tag-reporte-ciudadano"],"aioseo_notices":[],"_links":{"self":[{"href":"https:\/\/plumanegranoticias.com\/index.php?rest_route=\/wp\/v2\/posts\/5565","targetHints":{"allow":["GET"]}}],"collection":[{"href":"https:\/\/plumanegranoticias.com\/index.php?rest_route=\/wp\/v2\/posts"}],"about":[{"href":"https:\/\/plumanegranoticias.com\/index.php?rest_route=\/wp\/v2\/types\/post"}],"author":[{"embeddable":true,"href":"https:\/\/plumanegranoticias.com\/index.php?rest_route=\/wp\/v2\/users\/2"}],"replies":[{"embeddable":true,"href":"https:\/\/plumanegranoticias.com\/index.php?rest_route=%2Fwp%2Fv2%2Fcomments&post=5565"}],"version-history":[{"count":1,"href":"https:\/\/plumanegranoticias.com\/index.php?rest_route=\/wp\/v2\/posts\/5565\/revisions"}],"predecessor-version":[{"id":5566,"href":"https:\/\/plumanegranoticias.com\/index.php?rest_route=\/wp\/v2\/posts\/5565\/revisions\/5566"}],"wp:featuredmedia":[{"embeddable":true,"href":"https:\/\/plumanegranoticias.com\/index.php?rest_route=\/wp\/v2\/media\/5567"}],"wp:attachment":[{"href":"https:\/\/plumanegranoticias.com\/index.php?rest_route=%2Fwp%2Fv2%2Fmedia&parent=5565"}],"wp:term":[{"taxonomy":"category","embeddable":true,"href":"https:\/\/plumanegranoticias.com\/index.php?rest_route=%2Fwp%2Fv2%2Fcategories&post=5565"},{"taxonomy":"post_tag","embeddable":true,"href":"https:\/\/plumanegranoticias.com\/index.php?rest_route=%2Fwp%2Fv2%2Ftags&post=5565"}],"curies":[{"name":"wp","href":"https:\/\/api.w.org\/{rel}","templated":true}]}}