{"id":5570,"date":"2024-10-20T17:54:17","date_gmt":"2024-10-20T23:54:17","guid":{"rendered":"https:\/\/plumanegranoticias.com\/?p=5570"},"modified":"2024-10-20T17:54:48","modified_gmt":"2024-10-20T23:54:48","slug":"colapsa-ampliacion-del-acuarium-de-veracruz","status":"publish","type":"post","link":"https:\/\/plumanegranoticias.com\/?p=5570","title":{"rendered":"COLAPSA AMPLIACI\u00d3N DEL ACUARIUM DE VERACRUZ\u00a0"},"content":{"rendered":"\n<p>La estructura de ampliaci\u00f3n de la fachada del Acuarium de Veracruz colaps\u00f3 este domingo, sin que hasta el momento la Procuradur\u00eda del Medio Ambiente (PMA), responsable de ese centro de atracci\u00f3n tur\u00edstica de a conocer informaci\u00f3n oficial.<\/p>\n\n\n\n<p>De acuerdo a fotograf\u00edas y v\u00eddeos que circulan en redes se observa el desplome de la construcci\u00f3n en proceso; apenas el pasado 12 de agosto anunci\u00f3 una inversi\u00f3n de 490 millones de pesos&nbsp; para modernizar las instalaciones del Acuarium de Veracruz que incluye fachada, un mirador al mar y un espacio para lobos marinos.<\/p>\n\n\n\n<p>El 22 de mayo del 2022, el gobierno de Veracruz disolvi\u00f3 el fideicomiso de administraci\u00f3n del Acuario de Veracruz para asumir el control total desde la Procuradur\u00eda del Medio Ambiente.<\/p>\n\n\n\n<figure class=\"wp-block-image size-large\"><img loading=\"lazy\" decoding=\"async\" width=\"1024\" height=\"353\" src=\"https:\/\/plumanegranoticias.com\/wp-content\/uploads\/2024\/10\/screenshot_2024-10-20-17-43-39-54_a23b203fd3aafc6dcb84e438dda678b626392753937893261324-1024x353.jpg\" alt=\"\" class=\"wp-image-5569\" srcset=\"https:\/\/plumanegranoticias.com\/wp-content\/uploads\/2024\/10\/screenshot_2024-10-20-17-43-39-54_a23b203fd3aafc6dcb84e438dda678b626392753937893261324-1024x353.jpg 1024w, https:\/\/plumanegranoticias.com\/wp-content\/uploads\/2024\/10\/screenshot_2024-10-20-17-43-39-54_a23b203fd3aafc6dcb84e438dda678b626392753937893261324-300x103.jpg 300w, https:\/\/plumanegranoticias.com\/wp-content\/uploads\/2024\/10\/screenshot_2024-10-20-17-43-39-54_a23b203fd3aafc6dcb84e438dda678b626392753937893261324-768x265.jpg 768w, https:\/\/plumanegranoticias.com\/wp-content\/uploads\/2024\/10\/screenshot_2024-10-20-17-43-39-54_a23b203fd3aafc6dcb84e438dda678b626392753937893261324.jpg 1080w\" sizes=\"auto, (max-width: 1024px) 100vw, 1024px\" \/><\/figure>\n\n\n\n<figure class=\"wp-block-image\"><img loading=\"lazy\" decoding=\"async\" width=\"1024\" height=\"465\" src=\"https:\/\/plumanegranoticias.com\/wp-content\/uploads\/2024\/10\/screenshot_2024-10-20-17-43-27-14_a23b203fd3aafc6dcb84e438dda678b622878592854616527761-1024x465.jpg\" alt=\"\" class=\"wp-image-5568\" srcset=\"https:\/\/plumanegranoticias.com\/wp-content\/uploads\/2024\/10\/screenshot_2024-10-20-17-43-27-14_a23b203fd3aafc6dcb84e438dda678b622878592854616527761-1024x465.jpg 1024w, https:\/\/plumanegranoticias.com\/wp-content\/uploads\/2024\/10\/screenshot_2024-10-20-17-43-27-14_a23b203fd3aafc6dcb84e438dda678b622878592854616527761-300x136.jpg 300w, https:\/\/plumanegranoticias.com\/wp-content\/uploads\/2024\/10\/screenshot_2024-10-20-17-43-27-14_a23b203fd3aafc6dcb84e438dda678b622878592854616527761-768x348.jpg 768w, https:\/\/plumanegranoticias.com\/wp-content\/uploads\/2024\/10\/screenshot_2024-10-20-17-43-27-14_a23b203fd3aafc6dcb84e438dda678b622878592854616527761.jpg 1080w\" sizes=\"auto, (max-width: 1024px) 100vw, 1024px\" \/><\/figure>\n","protected":false},"excerpt":{"rendered":"<p>La estructura de ampliaci\u00f3n de la fachada del Acuarium de Veracruz colaps\u00f3 este domingo, sin que hasta el momento la Procuradur\u00eda del Medio Ambiente (PMA), responsable de ese centro de atracci\u00f3n tur\u00edstica de a conocer informaci\u00f3n oficial. De acuerdo a fotograf\u00edas y v\u00eddeos que circulan en redes se observa el desplome de la construcci\u00f3n en&#8230; <\/p>\n<div class=\"clear\"><\/div>\n<p><a href=\"https:\/\/plumanegranoticias.com\/?p=5570\" class=\"excerpt-read-more\">Read More<i class=\"fa fa-caret-right icon-caret-right\"><\/i><\/a><\/p>\n","protected":false},"author":2,"featured_media":5572,"comment_status":"open","ping_status":"open","sticky":false,"template":"","format":"standard","meta":{"om_disable_all_campaigns":false,"_monsterinsights_skip_tracking":false,"_monsterinsights_sitenote_active":false,"_monsterinsights_sitenote_note":"","_monsterinsights_sitenote_category":0,"_uf_show_specific_survey":0,"_uf_disable_surveys":false,"footnotes":""},"categories":[1],"tags":[20,18,19],"class_list":["post-5570","post","type-post","status-publish","format-standard","has-post-thumbnail","hentry","category-blog","tag-negocios","tag-noticia","tag-regional"],"aioseo_notices":[],"_links":{"self":[{"href":"https:\/\/plumanegranoticias.com\/index.php?rest_route=\/wp\/v2\/posts\/5570","targetHints":{"allow":["GET"]}}],"collection":[{"href":"https:\/\/plumanegranoticias.com\/index.php?rest_route=\/wp\/v2\/posts"}],"about":[{"href":"https:\/\/plumanegranoticias.com\/index.php?rest_route=\/wp\/v2\/types\/post"}],"author":[{"embeddable":true,"href":"https:\/\/plumanegranoticias.com\/index.php?rest_route=\/wp\/v2\/users\/2"}],"replies":[{"embeddable":true,"href":"https:\/\/plumanegranoticias.com\/index.php?rest_route=%2Fwp%2Fv2%2Fcomments&post=5570"}],"version-history":[{"count":1,"href":"https:\/\/plumanegranoticias.com\/index.php?rest_route=\/wp\/v2\/posts\/5570\/revisions"}],"predecessor-version":[{"id":5571,"href":"https:\/\/plumanegranoticias.com\/index.php?rest_route=\/wp\/v2\/posts\/5570\/revisions\/5571"}],"wp:featuredmedia":[{"embeddable":true,"href":"https:\/\/plumanegranoticias.com\/index.php?rest_route=\/wp\/v2\/media\/5572"}],"wp:attachment":[{"href":"https:\/\/plumanegranoticias.com\/index.php?rest_route=%2Fwp%2Fv2%2Fmedia&parent=5570"}],"wp:term":[{"taxonomy":"category","embeddable":true,"href":"https:\/\/plumanegranoticias.com\/index.php?rest_route=%2Fwp%2Fv2%2Fcategories&post=5570"},{"taxonomy":"post_tag","embeddable":true,"href":"https:\/\/plumanegranoticias.com\/index.php?rest_route=%2Fwp%2Fv2%2Ftags&post=5570"}],"curies":[{"name":"wp","href":"https:\/\/api.w.org\/{rel}","templated":true}]}}