{"id":5582,"date":"2024-10-20T18:10:40","date_gmt":"2024-10-21T00:10:40","guid":{"rendered":"https:\/\/plumanegranoticias.com\/?p=5582"},"modified":"2024-10-20T18:11:02","modified_gmt":"2024-10-21T00:11:02","slug":"revela-dante-delgado-que-tiene-cancer-de-estomago","status":"publish","type":"post","link":"https:\/\/plumanegranoticias.com\/?p=5582","title":{"rendered":"Revela Dante Delgado que tiene c\u00e1ncer de est\u00f3mago"},"content":{"rendered":"\n<p>Angeles Gonz\u00e1lez Ceballos<br>Xalapa, Ver., Fue durante la Cuarta Convenci\u00f3n Estatal de Movimiento Ciudadano cuando su coordinador nacional, Dante Delgado Rannauro confirm\u00f3 que padece c\u00e1ncer de est\u00f3mago y que estar\u00e1 algunos d\u00edas en Veracruz.<\/p>\n\n\n\n<p>&#8220;Antes de que me dijera el doctor que ten\u00eda un problema de c\u00e1ncer en el est\u00f3mago, hab\u00eda programado eventos con la anuencia de la Coordinaci\u00f3n Operativa Nacional&#8221;, expres\u00f3.<\/p>\n\n\n\n<p>Fue as\u00ed que tambi\u00e9n program\u00f3 tener una reuni\u00f3n familiar el viernes pasado.<\/p>\n\n\n\n<p>Adelant\u00f3 que por ello pasar\u00e1 algunos d\u00edas en este estado.<\/p>\n\n\n\n<p>&#8220;Y a lo mejor pasamos d\u00edas aqu\u00ed en la tierra a la que ustedes saben que tanto quiero y de la que me hab\u00eda separado tanto&#8221;, expres\u00f3.<\/p>\n\n\n\n<p>Agreg\u00f3 que aunque vino el viernes, ayer s\u00e1bado estuvo en la Ciudad de M\u00e9xico, en la Convenci\u00f3n Nacional de Mujeres de Movimiento Ciudadano, pero no pod\u00eda faltar al evento de este domingo.<\/p>\n\n\n\n<figure class=\"wp-block-image size-large\"><img loading=\"lazy\" decoding=\"async\" width=\"1024\" height=\"682\" src=\"https:\/\/plumanegranoticias.com\/wp-content\/uploads\/2024\/10\/img-20241020-wa00848143858510352458227-1024x682.jpg\" alt=\"\" class=\"wp-image-5581\" srcset=\"https:\/\/plumanegranoticias.com\/wp-content\/uploads\/2024\/10\/img-20241020-wa00848143858510352458227-1024x682.jpg 1024w, https:\/\/plumanegranoticias.com\/wp-content\/uploads\/2024\/10\/img-20241020-wa00848143858510352458227-300x200.jpg 300w, https:\/\/plumanegranoticias.com\/wp-content\/uploads\/2024\/10\/img-20241020-wa00848143858510352458227-768x512.jpg 768w, https:\/\/plumanegranoticias.com\/wp-content\/uploads\/2024\/10\/img-20241020-wa00848143858510352458227-1536x1023.jpg 1536w, https:\/\/plumanegranoticias.com\/wp-content\/uploads\/2024\/10\/img-20241020-wa00848143858510352458227.jpg 1600w\" sizes=\"auto, (max-width: 1024px) 100vw, 1024px\" \/><\/figure>\n","protected":false},"excerpt":{"rendered":"<p>Angeles Gonz\u00e1lez CeballosXalapa, Ver., Fue durante la Cuarta Convenci\u00f3n Estatal de Movimiento Ciudadano cuando su coordinador nacional, Dante Delgado Rannauro confirm\u00f3 que padece c\u00e1ncer de est\u00f3mago y que estar\u00e1 algunos d\u00edas en Veracruz. &#8220;Antes de que me dijera el doctor que ten\u00eda un problema de c\u00e1ncer en el est\u00f3mago, hab\u00eda programado eventos con la anuencia&#8230; <\/p>\n<div class=\"clear\"><\/div>\n<p><a href=\"https:\/\/plumanegranoticias.com\/?p=5582\" class=\"excerpt-read-more\">Read More<i class=\"fa fa-caret-right icon-caret-right\"><\/i><\/a><\/p>\n","protected":false},"author":2,"featured_media":5584,"comment_status":"open","ping_status":"open","sticky":false,"template":"","format":"standard","meta":{"om_disable_all_campaigns":false,"_monsterinsights_skip_tracking":false,"_monsterinsights_sitenote_active":false,"_monsterinsights_sitenote_note":"","_monsterinsights_sitenote_category":0,"_uf_show_specific_survey":0,"_uf_disable_surveys":false,"footnotes":""},"categories":[1],"tags":[20,18,61],"class_list":["post-5582","post","type-post","status-publish","format-standard","has-post-thumbnail","hentry","category-blog","tag-negocios","tag-noticia","tag-politica"],"aioseo_notices":[],"_links":{"self":[{"href":"https:\/\/plumanegranoticias.com\/index.php?rest_route=\/wp\/v2\/posts\/5582","targetHints":{"allow":["GET"]}}],"collection":[{"href":"https:\/\/plumanegranoticias.com\/index.php?rest_route=\/wp\/v2\/posts"}],"about":[{"href":"https:\/\/plumanegranoticias.com\/index.php?rest_route=\/wp\/v2\/types\/post"}],"author":[{"embeddable":true,"href":"https:\/\/plumanegranoticias.com\/index.php?rest_route=\/wp\/v2\/users\/2"}],"replies":[{"embeddable":true,"href":"https:\/\/plumanegranoticias.com\/index.php?rest_route=%2Fwp%2Fv2%2Fcomments&post=5582"}],"version-history":[{"count":1,"href":"https:\/\/plumanegranoticias.com\/index.php?rest_route=\/wp\/v2\/posts\/5582\/revisions"}],"predecessor-version":[{"id":5583,"href":"https:\/\/plumanegranoticias.com\/index.php?rest_route=\/wp\/v2\/posts\/5582\/revisions\/5583"}],"wp:featuredmedia":[{"embeddable":true,"href":"https:\/\/plumanegranoticias.com\/index.php?rest_route=\/wp\/v2\/media\/5584"}],"wp:attachment":[{"href":"https:\/\/plumanegranoticias.com\/index.php?rest_route=%2Fwp%2Fv2%2Fmedia&parent=5582"}],"wp:term":[{"taxonomy":"category","embeddable":true,"href":"https:\/\/plumanegranoticias.com\/index.php?rest_route=%2Fwp%2Fv2%2Fcategories&post=5582"},{"taxonomy":"post_tag","embeddable":true,"href":"https:\/\/plumanegranoticias.com\/index.php?rest_route=%2Fwp%2Fv2%2Ftags&post=5582"}],"curies":[{"name":"wp","href":"https:\/\/api.w.org\/{rel}","templated":true}]}}