{"id":5606,"date":"2024-10-21T11:53:10","date_gmt":"2024-10-21T17:53:10","guid":{"rendered":"https:\/\/plumanegranoticias.com\/?p=5606"},"modified":"2024-10-21T11:53:40","modified_gmt":"2024-10-21T17:53:40","slug":"suspenden-clases-por-lluvias-en-veracruz","status":"publish","type":"post","link":"https:\/\/plumanegranoticias.com\/?p=5606","title":{"rendered":"SUSPENDEN CLASES POR LLUVIAS EN VERACRUZ"},"content":{"rendered":"\n<figure class=\"wp-block-image size-large\"><img loading=\"lazy\" decoding=\"async\" width=\"576\" height=\"1024\" src=\"https:\/\/plumanegranoticias.com\/wp-content\/uploads\/2024\/10\/img-20241021-wa00167769893352950225401-576x1024.jpg\" alt=\"\" class=\"wp-image-5605\" srcset=\"https:\/\/plumanegranoticias.com\/wp-content\/uploads\/2024\/10\/img-20241021-wa00167769893352950225401-576x1024.jpg 576w, https:\/\/plumanegranoticias.com\/wp-content\/uploads\/2024\/10\/img-20241021-wa00167769893352950225401-169x300.jpg 169w, https:\/\/plumanegranoticias.com\/wp-content\/uploads\/2024\/10\/img-20241021-wa00167769893352950225401-768x1365.jpg 768w, https:\/\/plumanegranoticias.com\/wp-content\/uploads\/2024\/10\/img-20241021-wa00167769893352950225401-864x1536.jpg 864w, https:\/\/plumanegranoticias.com\/wp-content\/uploads\/2024\/10\/img-20241021-wa00167769893352950225401.jpg 900w\" sizes=\"auto, (max-width: 576px) 100vw, 576px\" \/><\/figure>\n\n\n\n<p>Escuelas de Veracruz interrumpen clases debido Tormenta Tropical &#8220;Nadine&#8221;.<\/p>\n\n\n\n<p>Alejandro \u00c1vila<\/p>\n\n\n\n<p>Veracruz, Ver.- Escuelas de la zona conurbada Veracruz &#8211; Boca del R\u00edo decidieron interrumpir sus clases debido a las intensas lluvias que se suscitan en ambos municipios.<\/p>\n\n\n\n<p>Desde las primeras horas de este lunes 21 de octubre a consecuencia de la Tormenta Tropical &#8220;Nadine&#8221; en conjunto con el Frente Fr\u00edo n\u00famero 4, se suscitaron intensas precipitaciones pluviales en la zona conurbada; sin embargo, al no haber un anuncio oficial de la Secretar\u00eda de Educaci\u00f3n de Veracruz, varias escuelas decidieron continuar con sus actividades.<\/p>\n\n\n\n<p>Alrededor de las 11 de la ma\u00f1ana de este lunes las escuelas que s\u00ed aceptaron alumnos comenzaron a avisar a los padres de familia para que acudieran por los peque\u00f1os debido a que las lluvias continuar\u00e1n todo el d\u00eda y las calles se encuentran inundadas.<\/p>\n\n\n\n<p>De la misma manera, la Universidad Veracruzana anunci\u00f3 que los campus ubicados en los municipios de Veracruz y Boca del R\u00edo tambi\u00e9n suspend\u00edan clases en este d\u00eda.<\/p>\n","protected":false},"excerpt":{"rendered":"<p>Escuelas de Veracruz interrumpen clases debido Tormenta Tropical &#8220;Nadine&#8221;. Alejandro \u00c1vila Veracruz, Ver.- Escuelas de la zona conurbada Veracruz &#8211; Boca del R\u00edo decidieron interrumpir sus clases debido a las intensas lluvias que se suscitan en ambos municipios. Desde las primeras horas de este lunes 21 de octubre a consecuencia de la Tormenta Tropical &#8220;Nadine&#8221;&#8230; <\/p>\n<div class=\"clear\"><\/div>\n<p><a href=\"https:\/\/plumanegranoticias.com\/?p=5606\" class=\"excerpt-read-more\">Read More<i class=\"fa fa-caret-right icon-caret-right\"><\/i><\/a><\/p>\n","protected":false},"author":2,"featured_media":5608,"comment_status":"open","ping_status":"open","sticky":false,"template":"","format":"standard","meta":{"om_disable_all_campaigns":false,"_monsterinsights_skip_tracking":false,"_monsterinsights_sitenote_active":false,"_monsterinsights_sitenote_note":"","_monsterinsights_sitenote_category":0,"_uf_show_specific_survey":0,"_uf_disable_surveys":false,"footnotes":""},"categories":[1],"tags":[22,18,19],"class_list":["post-5606","post","type-post","status-publish","format-standard","has-post-thumbnail","hentry","category-blog","tag-nota-roja","tag-noticia","tag-regional"],"aioseo_notices":[],"_links":{"self":[{"href":"https:\/\/plumanegranoticias.com\/index.php?rest_route=\/wp\/v2\/posts\/5606","targetHints":{"allow":["GET"]}}],"collection":[{"href":"https:\/\/plumanegranoticias.com\/index.php?rest_route=\/wp\/v2\/posts"}],"about":[{"href":"https:\/\/plumanegranoticias.com\/index.php?rest_route=\/wp\/v2\/types\/post"}],"author":[{"embeddable":true,"href":"https:\/\/plumanegranoticias.com\/index.php?rest_route=\/wp\/v2\/users\/2"}],"replies":[{"embeddable":true,"href":"https:\/\/plumanegranoticias.com\/index.php?rest_route=%2Fwp%2Fv2%2Fcomments&post=5606"}],"version-history":[{"count":1,"href":"https:\/\/plumanegranoticias.com\/index.php?rest_route=\/wp\/v2\/posts\/5606\/revisions"}],"predecessor-version":[{"id":5607,"href":"https:\/\/plumanegranoticias.com\/index.php?rest_route=\/wp\/v2\/posts\/5606\/revisions\/5607"}],"wp:featuredmedia":[{"embeddable":true,"href":"https:\/\/plumanegranoticias.com\/index.php?rest_route=\/wp\/v2\/media\/5608"}],"wp:attachment":[{"href":"https:\/\/plumanegranoticias.com\/index.php?rest_route=%2Fwp%2Fv2%2Fmedia&parent=5606"}],"wp:term":[{"taxonomy":"category","embeddable":true,"href":"https:\/\/plumanegranoticias.com\/index.php?rest_route=%2Fwp%2Fv2%2Fcategories&post=5606"},{"taxonomy":"post_tag","embeddable":true,"href":"https:\/\/plumanegranoticias.com\/index.php?rest_route=%2Fwp%2Fv2%2Ftags&post=5606"}],"curies":[{"name":"wp","href":"https:\/\/api.w.org\/{rel}","templated":true}]}}