{"id":5622,"date":"2024-10-22T10:01:24","date_gmt":"2024-10-22T16:01:24","guid":{"rendered":"https:\/\/plumanegranoticias.com\/?p=5622"},"modified":"2024-10-22T10:01:26","modified_gmt":"2024-10-22T16:01:26","slug":"respalda-pvem-proyecto-de-nahle-en-lxvii-legislatura","status":"publish","type":"post","link":"https:\/\/plumanegranoticias.com\/?p=5622","title":{"rendered":"RESPALDA PVEM PROYECTO DE NAHLE EN LXVII LEGISLATURA"},"content":{"rendered":"\n<p>Xalapa, Ver., 22 de Octubre de 2024.- La bancada del Partido Verde en la LXVII Legislatura de Veracruz, que entrar\u00e1 en funciones el pr\u00f3ximo 5 de noviembre, respalda el proyecto pol\u00edtico de la pr\u00f3xima gobernadora, Roc\u00edo Nahle Garc\u00eda y compromete la atenci\u00f3n de la Agenda Verde que se present\u00f3 en la campa\u00f1a pol\u00edtica del verano pasado.<\/p>\n\n\n\n<p><br \/>El dirigente estatal del Partido Verde en Veracruz, Carlos Marcelo Ruiz S\u00e1nchez, asegur\u00f3 que son seis los legisladores que integrar\u00e1n el Grupo Legislativo del PVEM; Urbano Bautista, Angelica Pe\u00f1a, Tania Mar\u00eda Cruz e Igor Roj\u00ed, quienes lograron triunfos dentro de la alianza con MORENA y el PT. Adem\u00e1s, por representaci\u00f3n proporcional, Estefan\u00eda Bastida y Carlos Marcelo Ruiz S\u00e1nchez.<\/p>\n\n\n\n<p>\u201cEstamos comprometidos como parte del pr\u00f3ximo Congreso a cumplir y respaldar el proyecto pol\u00edtico de nuestra gobernadora Roc\u00edo Nahle Garc\u00eda, as\u00ed como la alianza legislativa federal con la Presidenta Claudia Sheinbaum, de la mano con el diputado federal, Javier Herrera Borunda, quien ocupa la Presidencia de la Comisi\u00f3n de Vigilancia en la C\u00e1mara de Diputados\u201d, dijo el l\u00edder del PVEM en Veracruz.<\/p>\n\n\n\n<p>Se\u00f1al\u00f3 que desde la bancada del Partido Verde en el Congreso Local, se desdoblar\u00e1 el compromiso de campa\u00f1a que presentaron como partido y los candidatos en particularizar para cumplirle a los veracruzanos que entregaron su confianza a trav\u00e9s de su voto en las urnas.<\/p>\n\n\n\n<p>\u201cNo les vamos a fallar\u201d, expres\u00f3 Ruiz S\u00e1nchez al referirse a la votaci\u00f3n verde de la reciente elecci\u00f3n que fue de alrededor de 260 mil veracruzano que dieron su confianza a los candidatos y propuestas del Partido Verde en la campa\u00f1a del 2024.<\/p>\n\n\n\n<figure class=\"wp-block-image size-large\"><img loading=\"lazy\" decoding=\"async\" width=\"1024\" height=\"768\" src=\"https:\/\/plumanegranoticias.com\/wp-content\/uploads\/2024\/10\/img20240912151658851438205255370565-1024x768.jpg\" alt=\"\" class=\"wp-image-5621\" srcset=\"https:\/\/plumanegranoticias.com\/wp-content\/uploads\/2024\/10\/img20240912151658851438205255370565-1024x768.jpg 1024w, https:\/\/plumanegranoticias.com\/wp-content\/uploads\/2024\/10\/img20240912151658851438205255370565-300x225.jpg 300w, https:\/\/plumanegranoticias.com\/wp-content\/uploads\/2024\/10\/img20240912151658851438205255370565-768x576.jpg 768w, https:\/\/plumanegranoticias.com\/wp-content\/uploads\/2024\/10\/img20240912151658851438205255370565-1536x1152.jpg 1536w, https:\/\/plumanegranoticias.com\/wp-content\/uploads\/2024\/10\/img20240912151658851438205255370565-400x300.jpg 400w, https:\/\/plumanegranoticias.com\/wp-content\/uploads\/2024\/10\/img20240912151658851438205255370565.jpg 2000w\" sizes=\"auto, (max-width: 1024px) 100vw, 1024px\" \/><\/figure>\n","protected":false},"excerpt":{"rendered":"<p>Xalapa, Ver., 22 de Octubre de 2024.- La bancada del Partido Verde en la LXVII Legislatura de Veracruz, que entrar\u00e1 en funciones el pr\u00f3ximo 5 de noviembre, respalda el proyecto pol\u00edtico de la pr\u00f3xima gobernadora, Roc\u00edo Nahle Garc\u00eda y compromete la atenci\u00f3n de la Agenda Verde que se present\u00f3 en la campa\u00f1a pol\u00edtica del verano&#8230; <\/p>\n<div class=\"clear\"><\/div>\n<p><a href=\"https:\/\/plumanegranoticias.com\/?p=5622\" class=\"excerpt-read-more\">Read More<i class=\"fa fa-caret-right icon-caret-right\"><\/i><\/a><\/p>\n","protected":false},"author":2,"featured_media":0,"comment_status":"open","ping_status":"open","sticky":false,"template":"","format":"standard","meta":{"om_disable_all_campaigns":false,"_monsterinsights_skip_tracking":false,"_monsterinsights_sitenote_active":false,"_monsterinsights_sitenote_note":"","_monsterinsights_sitenote_category":0,"_uf_show_specific_survey":0,"_uf_disable_surveys":false,"footnotes":""},"categories":[1],"tags":[18,61,19],"class_list":["post-5622","post","type-post","status-publish","format-standard","hentry","category-blog","tag-noticia","tag-politica","tag-regional"],"aioseo_notices":[],"_links":{"self":[{"href":"https:\/\/plumanegranoticias.com\/index.php?rest_route=\/wp\/v2\/posts\/5622","targetHints":{"allow":["GET"]}}],"collection":[{"href":"https:\/\/plumanegranoticias.com\/index.php?rest_route=\/wp\/v2\/posts"}],"about":[{"href":"https:\/\/plumanegranoticias.com\/index.php?rest_route=\/wp\/v2\/types\/post"}],"author":[{"embeddable":true,"href":"https:\/\/plumanegranoticias.com\/index.php?rest_route=\/wp\/v2\/users\/2"}],"replies":[{"embeddable":true,"href":"https:\/\/plumanegranoticias.com\/index.php?rest_route=%2Fwp%2Fv2%2Fcomments&post=5622"}],"version-history":[{"count":1,"href":"https:\/\/plumanegranoticias.com\/index.php?rest_route=\/wp\/v2\/posts\/5622\/revisions"}],"predecessor-version":[{"id":5623,"href":"https:\/\/plumanegranoticias.com\/index.php?rest_route=\/wp\/v2\/posts\/5622\/revisions\/5623"}],"wp:attachment":[{"href":"https:\/\/plumanegranoticias.com\/index.php?rest_route=%2Fwp%2Fv2%2Fmedia&parent=5622"}],"wp:term":[{"taxonomy":"category","embeddable":true,"href":"https:\/\/plumanegranoticias.com\/index.php?rest_route=%2Fwp%2Fv2%2Fcategories&post=5622"},{"taxonomy":"post_tag","embeddable":true,"href":"https:\/\/plumanegranoticias.com\/index.php?rest_route=%2Fwp%2Fv2%2Ftags&post=5622"}],"curies":[{"name":"wp","href":"https:\/\/api.w.org\/{rel}","templated":true}]}}