{"id":5635,"date":"2024-10-26T09:05:19","date_gmt":"2024-10-26T15:05:19","guid":{"rendered":"https:\/\/plumanegranoticias.com\/?p=5635"},"modified":"2024-10-26T09:05:51","modified_gmt":"2024-10-26T15:05:51","slug":"perfiles-cotaxtla-2025","status":"publish","type":"post","link":"https:\/\/plumanegranoticias.com\/?p=5635","title":{"rendered":"Perfiles Cotaxtla 2025"},"content":{"rendered":"\n<p>Cr\u00f3nicas de Cotaxtla<br \/>Perfiles 2025. Iv\u00e1n Espinosa Hermida.<br \/>Por Pedro Cruz.<\/p>\n\n\n\n<p>De las personas que he entrevistado, hasta el momento, para este ejercicio period\u00edstico, tal vez, Iv\u00e1n Espinosa Hermida, es el de mayor experiencia en la administraci\u00f3n p\u00fablica federal y en la gesti\u00f3n social municipal, lo que nos muestra que en el municipio de Cotaxtla, hay mucho talento joven, hombres y mujeres, preparados, que vienen a refrescar los aires de la vieja pol\u00edtica en los nuevos tiempos donde la constante ha sido el cambio.<br>Licenciado en Negocios y Comercio Internacional por la Universidad del Valle de Orizaba; licenciado Ciencias Pol\u00edticas; especialista en estrategia pol\u00edtica y temas electorales; capacitador electoral en su partido en varias campa\u00f1as pol\u00edticas; vecino de La Tinaja, es hijo de Antonino Espinosa Lagunes y Mar\u00eda del Rosario Hermida; actualmente est\u00e1 al frente de un antiguo negocio familiar \u201c\u00d3pticas Lagunes\u201d con sedes en C\u00f3rdoba y en la Tinaja.<br>Est\u00e1 casado con Zunnybeth Vidal Cano y tiene un hijo, tambi\u00e9n llamado Iv\u00e1n, que pronto cumplir\u00e1 cuatro a\u00f1os. Naci\u00f3 el 3 de junio de 1982 y m\u00e1s de la mitad de su vida la ha dedicado a la gesti\u00f3n pol\u00edtica, al trabajo electoral y a la comisi\u00f3n social.<br>Su carrera en la administraci\u00f3n p\u00fablica la inici\u00f3 en 2004, en el gobierno municipal de C\u00f3rdoba con el ex presidente Hugo Fern\u00e1ndez como encargado de sector en la Direcci\u00f3n de Desarrollo Social.<br>De 2006 al 2008 fue asesor t\u00e9cnico en el Senado de la Rep\u00fablica. En 2008 tambi\u00e9n fue promotor social del Programa Federal Piso Firme de la Sedesol en los municipios de Tezonapa y Zongolica.<br>En 2009 fue Jefe de brigada del Programa Federal de Desarrollo Humano Oportunidades de Sedesol en los municipios de C\u00f3rdoba, Fort\u00edn, Chicam\u00e1n, Tomatl\u00e1n, Coscomatepec, Ixhuat\u00e1n del Caf\u00e9, Alpatlahuac, Calcahualco, Huatusco, Zentla, Sochiapa, Comapa, Tlacotepec de Mej\u00eda, Camar\u00f3n de Tejeda, Paso del Macho, Tepatlaxco, Atoyac, Carrillo Puerto, Cuitl\u00e1huac, Yanga, Amatl\u00e1n de los Reyes, Naranjal, Cuichapa, Coetzala, Omealca y Tezonapa.<br>En 2010 fue supervisor de Estancias Infantiles o guarder\u00edas en la zona norte del Estado de Veracruz, con sede en Xalapa y le toc\u00f3 atender el \u00e1rea norte de la entidad desde Papantla hasta Panuco, entre la sierra de Tantoyuca y Huayacocotla.<br>2011 a 2013 fue responsable de atenci\u00f3n del Programa Federal de Desarrollo Humano Oportunidades de la Sedesol en C\u00f3rdoba. De 2014 a 2017, fue regidor d\u00e9cimo en el Ayuntamiento de C\u00f3rdoba en la gesti\u00f3n de Tom\u00e1s R\u00edos Bernal.<br>Del 2020 al 2021 fue director de Comercio y coordinador de Atenci\u00f3n Prioritaria de la direcci\u00f3n de Protecci\u00f3n Ciudadana y Movilidad del Ayuntamiento de C\u00f3rdoba que presidi\u00f3 Leticia L\u00f3pez Landeros.<br>Ciertamente, toda su carrera pol\u00edtica y administrativa la ha realizado fuera de Cotaxtla, pero nunca se deslig\u00f3 del terru\u00f1o.<br>Desde los 18 a\u00f1os ha intercalado residencia en C\u00f3rdoba y en La Tinaja, en el rancho La Tinaja, para m\u00e1s se\u00f1as en la \u201cAgropecuaria Dom\u00ednguez\u201d propiedad de sus primos.<br>Ahora ha tomado las riendas de \u201c\u00d3ptica Lagunes\u201d y ha iniciado un trabajo comercial con tintes sociales.<br>&#8211;M\u00e1s del 50 por ciento de la poblaci\u00f3n de Cotaxtla, tiene problemas visuales, me explica.<br>&#8212;Mucha gente, por lo disperso de la poblaci\u00f3n, no puede trasladarse a La Tinaja, para los ex\u00e1menes m\u00e9dicos.<br>As\u00ed que, para apoyar la econom\u00eda de la gente, inaugur\u00f3 un nuevo sistema de atenci\u00f3n denominado \u201ccambaceo\u201d, es decir, casa por casa; visitas domiciliarias para realizar los ex\u00e1menes sin que los pacientes tengan que salir de su domicilio.<br>En un auto trae todo el equipo y monta el laboratorio en un santiam\u00e9n.<br>Asimismo, inaugur\u00f3 un sistema de pagos a cr\u00e9dito; en parcialidades; ajusta el cobro de acuerdo a la econom\u00eda de los clientes, un m\u00e9todo de ayuda muy diferente a las que ofrecen las \u00f3pticas tradicionales que cobran al contado este servicio.<br>&#8212;Mucha gente no puede pagar al contado sus lentes; les damos facilidades de pago y les llevamos los lentes hasta su casa, afirma en una entrevista realizada en La Capilla, luego de terminar un arduo trabajo en una escuela.<br>&#8212;De 205 ni\u00f1os y ni\u00f1as sometidos a un examen visual, 110 necesitan lentes, un poco m\u00e1s de la mitad, detalla para ilustrarnos el tama\u00f1o del problema.<br>En el terreno pol\u00edtico, trae una nueva visi\u00f3n, derivado de su experiencia de m\u00e1s de veinte a\u00f1os en este campo.<br>&#8212;Mi inter\u00e9s en Cotaxtla es sumar, dice.<br>&#8212;No ser\u00e9 un tercero en discordia.<br>&#8212;Quiero aportar mi conocimiento, mis m\u00e1s de 20 a\u00f1os en la administraci\u00f3n p\u00fablica, para avanzar en el desarrollo econ\u00f3mico, social y humano.<br>&#8211;Cotaxtla est\u00e1 ubicado en un sitio estrat\u00e9gico, bien comunicado y conurbado con Medell\u00edn, Veracruz y Boca del R\u00edo, apunta.<br>El desarrollo industrial, agro-industrial, comercial y tur\u00edstico, en el futuro, tendr\u00e1 que expandirse en esta zona; Cotaxtla tiene un gran futuro, pero necesita personas capacitadas, preparadas y competentes para avanzar en su progreso.<br>&#8212;Voy a trabajar por Cotaxtla, la tierra de mi familia; la tierra de mis antepasados; lo cuatro flancos de mis apellidos tienen sus or\u00edgenes en esta tierra generosa de hombres y mujeres trabajadores, concluye.<\/p>\n\n\n\n<figure class=\"wp-block-image size-large\"><img loading=\"lazy\" decoding=\"async\" width=\"1024\" height=\"994\" src=\"https:\/\/plumanegranoticias.com\/wp-content\/uploads\/2024\/10\/img-20241026-wa00133364790406720151458-1024x994.jpg\" alt=\"\" class=\"wp-image-5634\" srcset=\"https:\/\/plumanegranoticias.com\/wp-content\/uploads\/2024\/10\/img-20241026-wa00133364790406720151458-1024x994.jpg 1024w, https:\/\/plumanegranoticias.com\/wp-content\/uploads\/2024\/10\/img-20241026-wa00133364790406720151458-300x291.jpg 300w, https:\/\/plumanegranoticias.com\/wp-content\/uploads\/2024\/10\/img-20241026-wa00133364790406720151458-768x746.jpg 768w, https:\/\/plumanegranoticias.com\/wp-content\/uploads\/2024\/10\/img-20241026-wa00133364790406720151458.jpg 1280w\" sizes=\"auto, (max-width: 1024px) 100vw, 1024px\" \/><\/figure>\n","protected":false},"excerpt":{"rendered":"<p>Cr\u00f3nicas de CotaxtlaPerfiles 2025. Iv\u00e1n Espinosa Hermida.Por Pedro Cruz. De las personas que he entrevistado, hasta el momento, para este ejercicio period\u00edstico, tal vez, Iv\u00e1n Espinosa Hermida, es el de mayor experiencia en la administraci\u00f3n p\u00fablica federal y en la gesti\u00f3n social municipal, lo que nos muestra que en el municipio de Cotaxtla, hay mucho&#8230; <\/p>\n<div class=\"clear\"><\/div>\n<p><a href=\"https:\/\/plumanegranoticias.com\/?p=5635\" class=\"excerpt-read-more\">Read More<i class=\"fa fa-caret-right icon-caret-right\"><\/i><\/a><\/p>\n","protected":false},"author":2,"featured_media":5637,"comment_status":"open","ping_status":"open","sticky":false,"template":"","format":"standard","meta":{"om_disable_all_campaigns":false,"_monsterinsights_skip_tracking":false,"_monsterinsights_sitenote_active":false,"_monsterinsights_sitenote_note":"","_monsterinsights_sitenote_category":0,"_uf_show_specific_survey":0,"_uf_disable_surveys":false,"footnotes":""},"categories":[1,16,8,12],"tags":[],"class_list":["post-5635","post","type-post","status-publish","format-standard","has-post-thumbnail","hentry","category-blog","category-plumazos","category-politica","category-regional"],"aioseo_notices":[],"_links":{"self":[{"href":"https:\/\/plumanegranoticias.com\/index.php?rest_route=\/wp\/v2\/posts\/5635","targetHints":{"allow":["GET"]}}],"collection":[{"href":"https:\/\/plumanegranoticias.com\/index.php?rest_route=\/wp\/v2\/posts"}],"about":[{"href":"https:\/\/plumanegranoticias.com\/index.php?rest_route=\/wp\/v2\/types\/post"}],"author":[{"embeddable":true,"href":"https:\/\/plumanegranoticias.com\/index.php?rest_route=\/wp\/v2\/users\/2"}],"replies":[{"embeddable":true,"href":"https:\/\/plumanegranoticias.com\/index.php?rest_route=%2Fwp%2Fv2%2Fcomments&post=5635"}],"version-history":[{"count":1,"href":"https:\/\/plumanegranoticias.com\/index.php?rest_route=\/wp\/v2\/posts\/5635\/revisions"}],"predecessor-version":[{"id":5636,"href":"https:\/\/plumanegranoticias.com\/index.php?rest_route=\/wp\/v2\/posts\/5635\/revisions\/5636"}],"wp:featuredmedia":[{"embeddable":true,"href":"https:\/\/plumanegranoticias.com\/index.php?rest_route=\/wp\/v2\/media\/5637"}],"wp:attachment":[{"href":"https:\/\/plumanegranoticias.com\/index.php?rest_route=%2Fwp%2Fv2%2Fmedia&parent=5635"}],"wp:term":[{"taxonomy":"category","embeddable":true,"href":"https:\/\/plumanegranoticias.com\/index.php?rest_route=%2Fwp%2Fv2%2Fcategories&post=5635"},{"taxonomy":"post_tag","embeddable":true,"href":"https:\/\/plumanegranoticias.com\/index.php?rest_route=%2Fwp%2Fv2%2Ftags&post=5635"}],"curies":[{"name":"wp","href":"https:\/\/api.w.org\/{rel}","templated":true}]}}