{"id":5659,"date":"2024-10-28T11:23:11","date_gmt":"2024-10-28T17:23:11","guid":{"rendered":"https:\/\/plumanegranoticias.com\/?p=5659"},"modified":"2024-10-28T11:24:00","modified_gmt":"2024-10-28T17:24:00","slug":"desastres-naturales-opinion-ignacio-alvarez","status":"publish","type":"post","link":"https:\/\/plumanegranoticias.com\/?p=5659","title":{"rendered":"Desastres Naturales\/Opini\u00f3n\/Ignacio Alvarez"},"content":{"rendered":"\n<p>PLUMA NEGRA<\/p>\n\n\n\n<p>Ignacio Alvarez<\/p>\n\n\n\n<p>Desastres Naturales<\/p>\n\n\n\n<p>Las lluvias registradas en este a\u00f1o, son al igual que los calores, intensas e in\u00e9ditas, y se convierten en un reto para las pol\u00edticas p\u00fablicas de los tres niveles de gobierno; es necesario ajustar los aspectos de respuesta r\u00e1pida de atenci\u00f3n a las contingencias naturales, pero sobretodo la prevenci\u00f3n para evitar m\u00e1s p\u00e9rdidas de vidas.<\/p>\n\n\n\n<p>Es lamentable que en tan s\u00f3lo ocho d\u00edas, siete personas hayan perdido la vida en algunos casos por falta de una cultura de protecci\u00f3n civil y de auto cuidado.<\/p>\n\n\n\n<p>Y el tema de la cultura de prevenci\u00f3n y protecci\u00f3n civil tiene que ir m\u00e1s all\u00e1 porque es incre\u00edble la p\u00e9rdida de valores en medio de la desgracia, y es el caso del joven Rodrigo Rodr\u00edguez que hace ocho d\u00edas hacia esfuerzos por salir de la corriente del agua en la comunidad de La Victoria en Catemaco y sus vecinos se dedicaron a grabar sus angustias en vez de ayudarlo a salir, el joven fue vencido por la fuerza de la corriente y apareci\u00f3 sin vida al d\u00eda siguiente.<\/p>\n\n\n\n<p>A la muerte del joven de Catemaco se suman la de un taxista en Tequila que qued\u00f3 sepultado por un alud de tierra mientras dorm\u00eda, una se\u00f1ora de 65 a\u00f1os que trat\u00f3 de cruzar un rio a caballo y pereci\u00f3, un hombre que muri\u00f3 electrocutado en Santiago Tuxtla; un hombre de 45 a\u00f1os y su hijo de 5 tambi\u00e9n perdieron la vida al tratar de cruzar en la regi\u00f3n del Uxpanapa en el sur de Veracruz.<\/p>\n\n\n\n<p>En Hidalgotitl\u00e1n un hombre fue arrastrado por la corriente de un r\u00edo cuando trat\u00f3 de cruzarlo durante la noche; y este lunes autoridades y voluntarios mantienen la b\u00fasqueda del cuerpo de Gregg Calvo Morteo quien cay\u00f3 al r\u00edo Papaloapan mientras llevaba despensas a damnificados, la semana pasada y a\u00fan no se localiza su cuerpo.<\/p>\n\n\n\n<p>Las personas fallecidas se convierten en un factor de llamado a la conciencia colectiva y al gobierno para desdoblar pol\u00edticas p\u00fablicas m\u00e1s eficientes en materia de protecci\u00f3n civil y de esa cultura de prevenci\u00f3n que en su ausencia llev\u00f3 a la p\u00e9rdida de vidas en esta temporada de lluvias.<\/p>\n\n\n\n<p>Y el tema de la atenci\u00f3n inmediata a las contingencias naturales, sigue en la agenda de gobierno como una prioridad, urgen esquemas de soluci\u00f3n a las crisis que dejan los fen\u00f3menos naturales desde afectaciones a las viviendas, cosechas, infraestructura p\u00fablica en zonas urbanas y en carreteras, temas que en sexenios pasado encontraban una respuesta en el extinto Fondo Nacional de Desastres Naturales.<\/p>\n\n\n\n<figure class=\"wp-block-image size-large\"><img loading=\"lazy\" decoding=\"async\" width=\"300\" height=\"194\" src=\"https:\/\/plumanegranoticias.com\/wp-content\/uploads\/2024\/10\/fb_img_17289178156052590371828955778236-300x194.jpg\" alt=\"\" class=\"wp-image-5658\" srcset=\"https:\/\/plumanegranoticias.com\/wp-content\/uploads\/2024\/10\/fb_img_17289178156052590371828955778236-300x194.jpg 300w, https:\/\/plumanegranoticias.com\/wp-content\/uploads\/2024\/10\/fb_img_17289178156052590371828955778236.jpg 720w\" sizes=\"auto, (max-width: 300px) 100vw, 300px\" \/><\/figure>\n","protected":false},"excerpt":{"rendered":"<p>PLUMA NEGRA Ignacio Alvarez Desastres Naturales Las lluvias registradas en este a\u00f1o, son al igual que los calores, intensas e in\u00e9ditas, y se convierten en un reto para las pol\u00edticas p\u00fablicas de los tres niveles de gobierno; es necesario ajustar los aspectos de respuesta r\u00e1pida de atenci\u00f3n a las contingencias naturales, pero sobretodo la prevenci\u00f3n&#8230; <\/p>\n<div class=\"clear\"><\/div>\n<p><a href=\"https:\/\/plumanegranoticias.com\/?p=5659\" class=\"excerpt-read-more\">Read More<i class=\"fa fa-caret-right icon-caret-right\"><\/i><\/a><\/p>\n","protected":false},"author":2,"featured_media":5661,"comment_status":"open","ping_status":"open","sticky":false,"template":"","format":"standard","meta":{"om_disable_all_campaigns":false,"_monsterinsights_skip_tracking":false,"_monsterinsights_sitenote_active":false,"_monsterinsights_sitenote_note":"","_monsterinsights_sitenote_category":0,"_uf_show_specific_survey":0,"_uf_disable_surveys":false,"footnotes":""},"categories":[1],"tags":[37,30],"class_list":["post-5659","post","type-post","status-publish","format-standard","has-post-thumbnail","hentry","category-blog","tag-editorial","tag-plumazos"],"aioseo_notices":[],"_links":{"self":[{"href":"https:\/\/plumanegranoticias.com\/index.php?rest_route=\/wp\/v2\/posts\/5659","targetHints":{"allow":["GET"]}}],"collection":[{"href":"https:\/\/plumanegranoticias.com\/index.php?rest_route=\/wp\/v2\/posts"}],"about":[{"href":"https:\/\/plumanegranoticias.com\/index.php?rest_route=\/wp\/v2\/types\/post"}],"author":[{"embeddable":true,"href":"https:\/\/plumanegranoticias.com\/index.php?rest_route=\/wp\/v2\/users\/2"}],"replies":[{"embeddable":true,"href":"https:\/\/plumanegranoticias.com\/index.php?rest_route=%2Fwp%2Fv2%2Fcomments&post=5659"}],"version-history":[{"count":1,"href":"https:\/\/plumanegranoticias.com\/index.php?rest_route=\/wp\/v2\/posts\/5659\/revisions"}],"predecessor-version":[{"id":5660,"href":"https:\/\/plumanegranoticias.com\/index.php?rest_route=\/wp\/v2\/posts\/5659\/revisions\/5660"}],"wp:featuredmedia":[{"embeddable":true,"href":"https:\/\/plumanegranoticias.com\/index.php?rest_route=\/wp\/v2\/media\/5661"}],"wp:attachment":[{"href":"https:\/\/plumanegranoticias.com\/index.php?rest_route=%2Fwp%2Fv2%2Fmedia&parent=5659"}],"wp:term":[{"taxonomy":"category","embeddable":true,"href":"https:\/\/plumanegranoticias.com\/index.php?rest_route=%2Fwp%2Fv2%2Fcategories&post=5659"},{"taxonomy":"post_tag","embeddable":true,"href":"https:\/\/plumanegranoticias.com\/index.php?rest_route=%2Fwp%2Fv2%2Ftags&post=5659"}],"curies":[{"name":"wp","href":"https:\/\/api.w.org\/{rel}","templated":true}]}}