{"id":5668,"date":"2024-10-28T13:47:04","date_gmt":"2024-10-28T19:47:04","guid":{"rendered":"https:\/\/plumanegranoticias.com\/?p=5668"},"modified":"2024-10-28T13:47:30","modified_gmt":"2024-10-28T19:47:30","slug":"nombran-a-bogar-ruiz-coordinador-de-asuntos-municipales-de-haciendo-historia","status":"publish","type":"post","link":"https:\/\/plumanegranoticias.com\/?p=5668","title":{"rendered":"Nombran a Bogar Ruiz Coordinador de Asuntos Municipales de Haciendo Historia"},"content":{"rendered":"\n<p>Alejandro \u00c1vila<\/p>\n\n\n\n<p>Alvarado, Ver.- La Coordinadora General Estatal del grupo pol\u00edtico &#8220;Haciendo Historia&#8221;, Victoria Guti\u00e9rrez P\u00e9rez, nombr\u00f3 el pasado fin de semana al ex alcalde de Alvarado, Bogar Ruiz Rosas, como su nuevo Coordinador de Asuntos Municipales.<\/p>\n\n\n\n<p>La pr\u00f3xima diputada plurinominal de Morena realiz\u00f3 una Asamblea Estatal el pasado s\u00e1bado 26 de octubre en la ciudad de Xalapa, donde reuni\u00f3 a sectores campesinos y empresariales que seguir\u00e1n la l\u00ednea de construcci\u00f3n del segundo piso de la Cuarta Transformaci\u00f3n.<\/p>\n\n\n\n<p>Victoria Guti\u00e9rrez se acerc\u00f3 a Bogar Ruiz Rosas, quien a trav\u00e9s de su fundaci\u00f3n &#8220;Abogar Por Ti&#8221;, ha realizado diversas actividades altruistas en apoyo de la ciudadan\u00eda alvarade\u00f1a, y a sabiendo que los lineamientos de Morena marcan que &#8220;el pueblo es primero&#8221;, buscar\u00e1 reforzar las acciones que realiza el ex alcalde Alvarado a fin de expandirlas en otros municipios.<\/p>\n\n\n\n<figure class=\"wp-block-image size-large\"><img loading=\"lazy\" decoding=\"async\" width=\"1024\" height=\"463\" src=\"https:\/\/plumanegranoticias.com\/wp-content\/uploads\/2024\/10\/img-20241028-wa0103949674224269251824-1024x463.jpg\" alt=\"\" class=\"wp-image-5666\" srcset=\"https:\/\/plumanegranoticias.com\/wp-content\/uploads\/2024\/10\/img-20241028-wa0103949674224269251824-1024x463.jpg 1024w, https:\/\/plumanegranoticias.com\/wp-content\/uploads\/2024\/10\/img-20241028-wa0103949674224269251824-300x136.jpg 300w, https:\/\/plumanegranoticias.com\/wp-content\/uploads\/2024\/10\/img-20241028-wa0103949674224269251824-768x347.jpg 768w, https:\/\/plumanegranoticias.com\/wp-content\/uploads\/2024\/10\/img-20241028-wa0103949674224269251824-1536x694.jpg 1536w, https:\/\/plumanegranoticias.com\/wp-content\/uploads\/2024\/10\/img-20241028-wa0103949674224269251824.jpg 1600w\" sizes=\"auto, (max-width: 1024px) 100vw, 1024px\" \/><\/figure>\n","protected":false},"excerpt":{"rendered":"<p>Alejandro \u00c1vila Alvarado, Ver.- La Coordinadora General Estatal del grupo pol\u00edtico &#8220;Haciendo Historia&#8221;, Victoria Guti\u00e9rrez P\u00e9rez, nombr\u00f3 el pasado fin de semana al ex alcalde de Alvarado, Bogar Ruiz Rosas, como su nuevo Coordinador de Asuntos Municipales. La pr\u00f3xima diputada plurinominal de Morena realiz\u00f3 una Asamblea Estatal el pasado s\u00e1bado 26 de octubre en la&#8230; <\/p>\n<div class=\"clear\"><\/div>\n<p><a href=\"https:\/\/plumanegranoticias.com\/?p=5668\" class=\"excerpt-read-more\">Read More<i class=\"fa fa-caret-right icon-caret-right\"><\/i><\/a><\/p>\n","protected":false},"author":2,"featured_media":5667,"comment_status":"open","ping_status":"open","sticky":false,"template":"","format":"standard","meta":{"om_disable_all_campaigns":false,"_monsterinsights_skip_tracking":false,"_monsterinsights_sitenote_active":false,"_monsterinsights_sitenote_note":"","_monsterinsights_sitenote_category":0,"_uf_show_specific_survey":0,"_uf_disable_surveys":false,"footnotes":""},"categories":[1],"tags":[18,61,19],"class_list":["post-5668","post","type-post","status-publish","format-standard","has-post-thumbnail","hentry","category-blog","tag-noticia","tag-politica","tag-regional"],"aioseo_notices":[],"_links":{"self":[{"href":"https:\/\/plumanegranoticias.com\/index.php?rest_route=\/wp\/v2\/posts\/5668","targetHints":{"allow":["GET"]}}],"collection":[{"href":"https:\/\/plumanegranoticias.com\/index.php?rest_route=\/wp\/v2\/posts"}],"about":[{"href":"https:\/\/plumanegranoticias.com\/index.php?rest_route=\/wp\/v2\/types\/post"}],"author":[{"embeddable":true,"href":"https:\/\/plumanegranoticias.com\/index.php?rest_route=\/wp\/v2\/users\/2"}],"replies":[{"embeddable":true,"href":"https:\/\/plumanegranoticias.com\/index.php?rest_route=%2Fwp%2Fv2%2Fcomments&post=5668"}],"version-history":[{"count":1,"href":"https:\/\/plumanegranoticias.com\/index.php?rest_route=\/wp\/v2\/posts\/5668\/revisions"}],"predecessor-version":[{"id":5669,"href":"https:\/\/plumanegranoticias.com\/index.php?rest_route=\/wp\/v2\/posts\/5668\/revisions\/5669"}],"wp:featuredmedia":[{"embeddable":true,"href":"https:\/\/plumanegranoticias.com\/index.php?rest_route=\/wp\/v2\/media\/5667"}],"wp:attachment":[{"href":"https:\/\/plumanegranoticias.com\/index.php?rest_route=%2Fwp%2Fv2%2Fmedia&parent=5668"}],"wp:term":[{"taxonomy":"category","embeddable":true,"href":"https:\/\/plumanegranoticias.com\/index.php?rest_route=%2Fwp%2Fv2%2Fcategories&post=5668"},{"taxonomy":"post_tag","embeddable":true,"href":"https:\/\/plumanegranoticias.com\/index.php?rest_route=%2Fwp%2Fv2%2Ftags&post=5668"}],"curies":[{"name":"wp","href":"https:\/\/api.w.org\/{rel}","templated":true}]}}