{"id":5682,"date":"2024-10-28T15:06:09","date_gmt":"2024-10-28T21:06:09","guid":{"rendered":"https:\/\/plumanegranoticias.com\/?p=5682"},"modified":"2024-10-28T15:07:07","modified_gmt":"2024-10-28T21:07:07","slug":"denuncian-presuntos-actos-de-corrupcion-de-la-fge-cierran-el-centro","status":"publish","type":"post","link":"https:\/\/plumanegranoticias.com\/?p=5682","title":{"rendered":"Denuncian presuntos actos de corrupci\u00f3n de la FGE, cierran el centro"},"content":{"rendered":"\n<p>\u00c1ngeles Gonz\u00e1lez Ceballos<br>Xalapa, Ver., Habitantes del predio denominado fraccionamiento ecol\u00f3gico Las Minas, ubicado en camino a El Tronconal, cerraron el centro hist\u00f3rico para denunciar presuntos actos de corrupci\u00f3n de elementos de la Polic\u00eda Ministerial, as\u00ed como de varios fiscales del organismo aut\u00f3nomo.<\/p>\n\n\n\n<figure class=\"wp-block-image size-large\"><img loading=\"lazy\" decoding=\"async\" width=\"1024\" height=\"768\" src=\"https:\/\/plumanegranoticias.com\/wp-content\/uploads\/2024\/10\/img-20241028-wa01433668484206505135250-1024x768.jpg\" alt=\"\" class=\"wp-image-5679\" srcset=\"https:\/\/plumanegranoticias.com\/wp-content\/uploads\/2024\/10\/img-20241028-wa01433668484206505135250-1024x768.jpg 1024w, https:\/\/plumanegranoticias.com\/wp-content\/uploads\/2024\/10\/img-20241028-wa01433668484206505135250-300x225.jpg 300w, https:\/\/plumanegranoticias.com\/wp-content\/uploads\/2024\/10\/img-20241028-wa01433668484206505135250-768x576.jpg 768w, https:\/\/plumanegranoticias.com\/wp-content\/uploads\/2024\/10\/img-20241028-wa01433668484206505135250-400x300.jpg 400w, https:\/\/plumanegranoticias.com\/wp-content\/uploads\/2024\/10\/img-20241028-wa01433668484206505135250.jpg 1280w\" sizes=\"auto, (max-width: 1024px) 100vw, 1024px\" \/><\/figure>\n\n\n\n<figure class=\"wp-block-image\"><img loading=\"lazy\" decoding=\"async\" width=\"1024\" height=\"768\" src=\"https:\/\/plumanegranoticias.com\/wp-content\/uploads\/2024\/10\/img-20241028-wa01428329428756753037326-1024x768.jpg\" alt=\"\" class=\"wp-image-5678\" srcset=\"https:\/\/plumanegranoticias.com\/wp-content\/uploads\/2024\/10\/img-20241028-wa01428329428756753037326-1024x768.jpg 1024w, https:\/\/plumanegranoticias.com\/wp-content\/uploads\/2024\/10\/img-20241028-wa01428329428756753037326-300x225.jpg 300w, https:\/\/plumanegranoticias.com\/wp-content\/uploads\/2024\/10\/img-20241028-wa01428329428756753037326-768x576.jpg 768w, https:\/\/plumanegranoticias.com\/wp-content\/uploads\/2024\/10\/img-20241028-wa01428329428756753037326-400x300.jpg 400w, https:\/\/plumanegranoticias.com\/wp-content\/uploads\/2024\/10\/img-20241028-wa01428329428756753037326.jpg 1280w\" sizes=\"auto, (max-width: 1024px) 100vw, 1024px\" \/><\/figure>\n\n\n\n<figure class=\"wp-block-image\"><img loading=\"lazy\" decoding=\"async\" width=\"1024\" height=\"768\" src=\"https:\/\/plumanegranoticias.com\/wp-content\/uploads\/2024\/10\/img-20241028-wa01396258115634645943595-1024x768.jpg\" alt=\"\" class=\"wp-image-5680\" srcset=\"https:\/\/plumanegranoticias.com\/wp-content\/uploads\/2024\/10\/img-20241028-wa01396258115634645943595-1024x768.jpg 1024w, https:\/\/plumanegranoticias.com\/wp-content\/uploads\/2024\/10\/img-20241028-wa01396258115634645943595-300x225.jpg 300w, https:\/\/plumanegranoticias.com\/wp-content\/uploads\/2024\/10\/img-20241028-wa01396258115634645943595-768x576.jpg 768w, https:\/\/plumanegranoticias.com\/wp-content\/uploads\/2024\/10\/img-20241028-wa01396258115634645943595-400x300.jpg 400w, https:\/\/plumanegranoticias.com\/wp-content\/uploads\/2024\/10\/img-20241028-wa01396258115634645943595.jpg 1280w\" sizes=\"auto, (max-width: 1024px) 100vw, 1024px\" \/><\/figure>\n\n\n\n<p>En entrevista, el se\u00f1or Rafael V\u00e1squez V\u00e1squez, explic\u00f3 que \u00e9l junto con otras 30 familias, tienen la posesi\u00f3n de una fracci\u00f3n de un terreno desde hace 25 a\u00f1os, a trav\u00e9s de una cesi\u00f3n de derechos otorgada por el se\u00f1or Timoteo Bartolo Mej\u00eda Jim\u00e9nez.<\/p>\n\n\n\n<p>&#8220;\u00c9l (Timoteo) nos vende una parte de su parcela y nos da la posesi\u00f3n, la tenemos en posesi\u00f3n desde hace 25 a\u00f1os, organizamos la vivienda por autoconstrucci\u00f3n, refiri\u00f3.<\/p>\n\n\n\n<p>Sin embargo, el hijo del propietario, Eloy Mej\u00eda D\u00edaz, present\u00f3 una denuncia en su contra por el presunto delito de despojo de dicho predio, pero el asunto no procedi\u00f3 porque prob\u00f3 a las autoridades la leg\u00edtima posesi\u00f3n que tiene desde hace 25 a\u00f1os.<\/p>\n\n\n\n<p>Sin embargo, el pasado 25 de mayo de este a\u00f1o, Mej\u00eda D\u00edaz lleg\u00f3 a bordo de su veh\u00edculo particular con un supuesto grupo de personas armadas a cerrar las casas con cadenas, por lo que present\u00f3 una denuncia, pero hasta este momento la carpeta de investigaci\u00f3n no ha avanzado.<\/p>\n\n\n\n<p>En ese momento, otra de las afectadas, la se\u00f1ora Olga Miriam Ferra Guzm\u00e1n, explic\u00f3 que los supuestos hombres armados eran elementos de la Polic\u00eda Ministerial, quienes llegaron al sitio a entregar notificaciones para que se presentaran a declarar ante la autoridad jurisdiccional.<\/p>\n\n\n\n<p>En ese sentido, se\u00f1al\u00f3 al fiscal encargado, Lauro Erick Huidoro de recibir sobornos para evitar judicializar la carpeta de investigaci\u00f3n.<\/p>\n\n\n\n<p>&#8220;Deducimos que ha de haber recibido sobornos (el fiscal Lauro Erick Huidoro Ch\u00e1vez) y ahora no puede tocar a esos tipos (los supuestos hombres armados)&#8221;, expres\u00f3.<\/p>\n\n\n\n<p>Cabe mencionar que aunque acudieron unas cuantas personas a la protesta, una de estas portaba un machete enfundado.<\/p>\n\n\n\n<p>Tambi\u00e9n el afectado lleg\u00f3 acompa\u00f1ado de su abogado, quien en todo momento port\u00f3 gorra, lentes oscuros y cubreboca para no ser identificado.<\/p>\n\n\n\n<p>En otro tema, Rafael V\u00e1zquez V\u00e1zquez indic\u00f3 que desde el 30 de marzo del 2020 su hijo, Dorian V\u00e1zquez Lara, fue asesinado y no ha tenido justicia.<\/p>\n\n\n\n<p>Por ello tambi\u00e9n protest\u00f3 este d\u00eda frente a palacio de Gobierno y ante toda esta problem\u00e1tica decidieron cerrar el centro hist\u00f3rico para pedir al gobernador Cuitl\u00e1huac Garc\u00eda Jim\u00e9nez intervenga en este asunto.<\/p>\n","protected":false},"excerpt":{"rendered":"<p>\u00c1ngeles Gonz\u00e1lez CeballosXalapa, Ver., Habitantes del predio denominado fraccionamiento ecol\u00f3gico Las Minas, ubicado en camino a El Tronconal, cerraron el centro hist\u00f3rico para denunciar presuntos actos de corrupci\u00f3n de elementos de la Polic\u00eda Ministerial, as\u00ed como de varios fiscales del organismo aut\u00f3nomo. En entrevista, el se\u00f1or Rafael V\u00e1squez V\u00e1squez, explic\u00f3 que \u00e9l junto con otras&#8230; <\/p>\n<div class=\"clear\"><\/div>\n<p><a href=\"https:\/\/plumanegranoticias.com\/?p=5682\" class=\"excerpt-read-more\">Read More<i class=\"fa fa-caret-right icon-caret-right\"><\/i><\/a><\/p>\n","protected":false},"author":2,"featured_media":5681,"comment_status":"open","ping_status":"open","sticky":false,"template":"","format":"standard","meta":{"om_disable_all_campaigns":false,"_monsterinsights_skip_tracking":false,"_monsterinsights_sitenote_active":false,"_monsterinsights_sitenote_note":"","_monsterinsights_sitenote_category":0,"_uf_show_specific_survey":0,"_uf_disable_surveys":false,"footnotes":""},"categories":[1],"tags":[18,61],"class_list":["post-5682","post","type-post","status-publish","format-standard","has-post-thumbnail","hentry","category-blog","tag-noticia","tag-politica"],"aioseo_notices":[],"_links":{"self":[{"href":"https:\/\/plumanegranoticias.com\/index.php?rest_route=\/wp\/v2\/posts\/5682","targetHints":{"allow":["GET"]}}],"collection":[{"href":"https:\/\/plumanegranoticias.com\/index.php?rest_route=\/wp\/v2\/posts"}],"about":[{"href":"https:\/\/plumanegranoticias.com\/index.php?rest_route=\/wp\/v2\/types\/post"}],"author":[{"embeddable":true,"href":"https:\/\/plumanegranoticias.com\/index.php?rest_route=\/wp\/v2\/users\/2"}],"replies":[{"embeddable":true,"href":"https:\/\/plumanegranoticias.com\/index.php?rest_route=%2Fwp%2Fv2%2Fcomments&post=5682"}],"version-history":[{"count":1,"href":"https:\/\/plumanegranoticias.com\/index.php?rest_route=\/wp\/v2\/posts\/5682\/revisions"}],"predecessor-version":[{"id":5683,"href":"https:\/\/plumanegranoticias.com\/index.php?rest_route=\/wp\/v2\/posts\/5682\/revisions\/5683"}],"wp:featuredmedia":[{"embeddable":true,"href":"https:\/\/plumanegranoticias.com\/index.php?rest_route=\/wp\/v2\/media\/5681"}],"wp:attachment":[{"href":"https:\/\/plumanegranoticias.com\/index.php?rest_route=%2Fwp%2Fv2%2Fmedia&parent=5682"}],"wp:term":[{"taxonomy":"category","embeddable":true,"href":"https:\/\/plumanegranoticias.com\/index.php?rest_route=%2Fwp%2Fv2%2Fcategories&post=5682"},{"taxonomy":"post_tag","embeddable":true,"href":"https:\/\/plumanegranoticias.com\/index.php?rest_route=%2Fwp%2Fv2%2Ftags&post=5682"}],"curies":[{"name":"wp","href":"https:\/\/api.w.org\/{rel}","templated":true}]}}