{"id":5709,"date":"2024-10-29T12:38:33","date_gmt":"2024-10-29T18:38:33","guid":{"rendered":"https:\/\/plumanegranoticias.com\/?p=5709"},"modified":"2024-10-29T12:39:29","modified_gmt":"2024-10-29T18:39:29","slug":"ginno-paolo-torres-murio-en-tratados-de-cordoba","status":"publish","type":"post","link":"https:\/\/plumanegranoticias.com\/?p=5709","title":{"rendered":"GINNO PAOLO TORRES MURI\u00d3 EN TRATADOS DE C\u00d3RDOBA"},"content":{"rendered":"\n<p>Muere joven cordob\u00e9s al caer en socav\u00f3n del bulevard Tratados de C\u00f3rdoba.<\/p>\n\n\n\n<p>Gerardo Luna <\/p>\n\n\n\n<p>C\u00f3rdoba, Ver.- Un lamentable accidente fue el que se registr\u00f3 durante la madrugada de este martes, luego de que el joven Cordob\u00e9s y quien fuera candidato a diputado por el distrito 19 en el a\u00f1o 2021 Ginno Paolo Torres, de 32 a\u00f1os de edad, muri\u00f3 al salirse del camino y caer con su autom\u00f3vil Honda City en el socav\u00f3n que se form\u00f3 en el bulevar Tratados de C\u00f3rdoba.<\/p>\n\n\n\n<p>Este lamentable accidente se registr\u00f3 horas despu\u00e9s de festejar su cumplea\u00f1os, ya que presuntamente ante la falta de precauci\u00f3n con la que era conducido el autom\u00f3vil y al no tomar en cuenta los se\u00f1alamientos, se sali\u00f3 del camino y cay\u00f3 dentro del socav\u00f3n.<\/p>\n\n\n\n<p>Al lugar llegaron param\u00e9dicos y personal de los diferentes grupos de auxilio pero no lograron rescatar con vida al conductor, quien muri\u00f3 de manera casi instant\u00e1nea.<\/p>\n\n\n\n<p>Personal de bomberos, de Protecci\u00f3n Civil y autoridades policiacas llegaron para trabajar de manera coordinada y rescatar tanto el cad\u00e1ver como el veh\u00edculo.<\/p>\n\n\n\n<p>El cuerpo fue trasladado a las instalaciones del SEMEFO para su posterior identificaci\u00f3n oficial, y el veh\u00edculo a un corral\u00f3n para las diligencias necesarias.<\/p>\n\n\n\n<figure class=\"wp-block-image size-large\"><img loading=\"lazy\" decoding=\"async\" width=\"410\" height=\"1024\" src=\"https:\/\/plumanegranoticias.com\/wp-content\/uploads\/2024\/10\/img-20241029-wa00842663689809167042151-410x1024.jpg\" alt=\"\" class=\"wp-image-5706\" srcset=\"https:\/\/plumanegranoticias.com\/wp-content\/uploads\/2024\/10\/img-20241029-wa00842663689809167042151-410x1024.jpg 410w, https:\/\/plumanegranoticias.com\/wp-content\/uploads\/2024\/10\/img-20241029-wa00842663689809167042151-120x300.jpg 120w, https:\/\/plumanegranoticias.com\/wp-content\/uploads\/2024\/10\/img-20241029-wa00842663689809167042151.jpg 513w\" sizes=\"auto, (max-width: 410px) 100vw, 410px\" \/><\/figure>\n\n\n\n<figure class=\"wp-block-image\"><img loading=\"lazy\" decoding=\"async\" width=\"300\" height=\"169\" src=\"https:\/\/plumanegranoticias.com\/wp-content\/uploads\/2024\/10\/img-20241029-wa00866307942172627752859-300x169.jpg\" alt=\"\" class=\"wp-image-5708\" srcset=\"https:\/\/plumanegranoticias.com\/wp-content\/uploads\/2024\/10\/img-20241029-wa00866307942172627752859-300x169.jpg 300w, https:\/\/plumanegranoticias.com\/wp-content\/uploads\/2024\/10\/img-20241029-wa00866307942172627752859.jpg 720w\" sizes=\"auto, (max-width: 300px) 100vw, 300px\" \/><\/figure>\n\n\n\n<figure class=\"wp-block-image\"><img loading=\"lazy\" decoding=\"async\" width=\"300\" height=\"207\" src=\"https:\/\/plumanegranoticias.com\/wp-content\/uploads\/2024\/10\/img-20241029-wa00885055894073018307651-300x207.jpg\" alt=\"\" class=\"wp-image-5707\" srcset=\"https:\/\/plumanegranoticias.com\/wp-content\/uploads\/2024\/10\/img-20241029-wa00885055894073018307651-300x207.jpg 300w, https:\/\/plumanegranoticias.com\/wp-content\/uploads\/2024\/10\/img-20241029-wa00885055894073018307651.jpg 720w\" sizes=\"auto, (max-width: 300px) 100vw, 300px\" \/><\/figure>\n","protected":false},"excerpt":{"rendered":"<p>Muere joven cordob\u00e9s al caer en socav\u00f3n del bulevard Tratados de C\u00f3rdoba. Gerardo Luna C\u00f3rdoba, Ver.- Un lamentable accidente fue el que se registr\u00f3 durante la madrugada de este martes, luego de que el joven Cordob\u00e9s y quien fuera candidato a diputado por el distrito 19 en el a\u00f1o 2021 Ginno Paolo Torres, de 32&#8230; <\/p>\n<div class=\"clear\"><\/div>\n<p><a href=\"https:\/\/plumanegranoticias.com\/?p=5709\" class=\"excerpt-read-more\">Read More<i class=\"fa fa-caret-right icon-caret-right\"><\/i><\/a><\/p>\n","protected":false},"author":2,"featured_media":5711,"comment_status":"open","ping_status":"open","sticky":false,"template":"","format":"standard","meta":{"om_disable_all_campaigns":false,"_monsterinsights_skip_tracking":false,"_monsterinsights_sitenote_active":false,"_monsterinsights_sitenote_note":"","_monsterinsights_sitenote_category":0,"_uf_show_specific_survey":0,"_uf_disable_surveys":false,"footnotes":""},"categories":[1],"tags":[22,18,34],"class_list":["post-5709","post","type-post","status-publish","format-standard","has-post-thumbnail","hentry","category-blog","tag-nota-roja","tag-noticia","tag-policiaca"],"aioseo_notices":[],"_links":{"self":[{"href":"https:\/\/plumanegranoticias.com\/index.php?rest_route=\/wp\/v2\/posts\/5709","targetHints":{"allow":["GET"]}}],"collection":[{"href":"https:\/\/plumanegranoticias.com\/index.php?rest_route=\/wp\/v2\/posts"}],"about":[{"href":"https:\/\/plumanegranoticias.com\/index.php?rest_route=\/wp\/v2\/types\/post"}],"author":[{"embeddable":true,"href":"https:\/\/plumanegranoticias.com\/index.php?rest_route=\/wp\/v2\/users\/2"}],"replies":[{"embeddable":true,"href":"https:\/\/plumanegranoticias.com\/index.php?rest_route=%2Fwp%2Fv2%2Fcomments&post=5709"}],"version-history":[{"count":2,"href":"https:\/\/plumanegranoticias.com\/index.php?rest_route=\/wp\/v2\/posts\/5709\/revisions"}],"predecessor-version":[{"id":5712,"href":"https:\/\/plumanegranoticias.com\/index.php?rest_route=\/wp\/v2\/posts\/5709\/revisions\/5712"}],"wp:featuredmedia":[{"embeddable":true,"href":"https:\/\/plumanegranoticias.com\/index.php?rest_route=\/wp\/v2\/media\/5711"}],"wp:attachment":[{"href":"https:\/\/plumanegranoticias.com\/index.php?rest_route=%2Fwp%2Fv2%2Fmedia&parent=5709"}],"wp:term":[{"taxonomy":"category","embeddable":true,"href":"https:\/\/plumanegranoticias.com\/index.php?rest_route=%2Fwp%2Fv2%2Fcategories&post=5709"},{"taxonomy":"post_tag","embeddable":true,"href":"https:\/\/plumanegranoticias.com\/index.php?rest_route=%2Fwp%2Fv2%2Ftags&post=5709"}],"curies":[{"name":"wp","href":"https:\/\/api.w.org\/{rel}","templated":true}]}}