{"id":5721,"date":"2024-10-29T13:24:27","date_gmt":"2024-10-29T19:24:27","guid":{"rendered":"https:\/\/plumanegranoticias.com\/?p=5721"},"modified":"2024-10-29T13:25:07","modified_gmt":"2024-10-29T19:25:07","slug":"futuro-presidente-de-jucopo-esteban-bautista-llama-a-la-responsabilidad-de-los-medios","status":"publish","type":"post","link":"https:\/\/plumanegranoticias.com\/?p=5721","title":{"rendered":"Futuro presidente de JUCOPO, Esteban Bautista, llama a la responsabilidad de los medios"},"content":{"rendered":"\n<p><em>Futuro presidente de JUCOPO, Esteban Bautista, llama a la responsabilidad de los medios<\/em><\/p>\n\n\n\n<p>-Pide que no haya reporteros de escritorio<\/p>\n\n\n\n<p>-No confirma si la diputada Tania Carola ser\u00e1 la pr\u00f3xima presidenta de la Mesa DirectivaAngeles Gonz\u00e1lez Ceballos<br>Xalapa, Ver., El futuro presidente de la Junta de Coordinaci\u00f3n Pol\u00edtica (Jucopo) en el Congreso local, Esteban Bautista Hern\u00e1ndez, llam\u00f3 a la responsabilidad de los medios de comunicaci\u00f3n a la hora de informar y pidi\u00f3 no ser periodistas de &#8220;escritorio&#8221;.<\/p>\n\n\n\n<figure class=\"wp-block-image size-large\"><img decoding=\"async\" src=\"file:\/\/\/data\/user\/0\/org.wordpress.android\/cache\/img-20241029-wa00923641628971312909404.jpg\" alt=\"\" class=\"wp-image-650\"\/><\/figure>\n\n\n\n<p>En entrevista, invit\u00f3 a los medios de comunicaci\u00f3n a hacer m\u00e1s periodismo de investigaci\u00f3n responsable.<\/p>\n\n\n\n<p>&#8220;No estar detr\u00e1s del escritorio, dar una informaci\u00f3n de o\u00eddas, hay que ir al terreno de los hechos. Yo dije que fui miembro del Ej\u00e9rcito Zapatista en el 94 y cinco d\u00edas estuvimos en la clandestinidad.<\/p>\n\n\n\n<p>Fue noticia internacional. El 1 de enero del 94 donde hubo muchos medios internacionales, la BBC de Londres, la agencia EFE, el New York Times, estuvieron mandando informaci\u00f3n al mundo entero de lo que estaba sucediendo&#8221;, record\u00f3.<\/p>\n\n\n\n<p>En ese sentido, defini\u00f3 que har\u00e1 alianzas con los medios de comunicaci\u00f3n que sean responsables, con aquellos a los que les guste su trabajo, que sean profesionales.<\/p>\n\n\n\n<p>&#8220;No con aquella gente que diga: le voy a buscar hasta por debajo de las piedras. No, (no es una advertencia), le estoy diciendo que vamos a hacer alianzas y estoy seguro de que vamos a coincidir con muchos de ustedes&#8221;, sostuvo.<\/p>\n\n\n\n<p>Por otra parte, el pr\u00f3ximo l\u00edder de la bancada de Morena en la Legislatura local, no confirm\u00f3 que la diputada electa Tania Carola vaya a ser la pr\u00f3xima presidenta de la Mesa Directiva.<\/p>\n\n\n\n<p>&#8220;Vamos a ver c\u00f3mo transitamos porque aqu\u00ed todo es acuerdo. Esta comisi\u00f3n que me honro en presidir veo como un \u00f3rgano colegiado. Dice Mussio C\u00e1rdenas: todas las voces, todas las opiniones&#8221;, expres\u00f3.<\/p>\n\n\n\n<p>Adem\u00e1s, sostuvo que no ser\u00e1n una bancada que solamente vayan a levantar la mano, a pesar de que tienen mayor\u00eda calificada.<\/p>\n\n\n\n<p>&#8220;Bienvenido todo voto por el bien de Veracruz, va a gobernar una gran mujer\u2026 todo proyecto, toda iniciativa, todo presupuesto que se distribuya aqu\u00ed a los municipios, ser\u00e1n bien vigilados y tendr\u00e1n un buen destino&#8221;, asegur\u00f3.<\/p>\n\n\n\n<p>Agreg\u00f3 que si hay un voto de Movimiento Ciudadano, del PRI, del PAN, eso es enriquecedor, ello robustecer\u00e1 las iniciativas de la gobernadora Roc\u00edo Nahle Garc\u00eda.<\/p>\n\n\n\n<p>En ese mismo sentido, prometi\u00f3 que vigilar\u00e1n el actual de la administraci\u00f3n estatal, pese a que son del mismo instinto pol\u00edtico.<\/p>\n\n\n\n<p>&#8220;Es que la Ley es la Ley y no hay distingo, nosotros hacemos leyes y las debemos respetar&#8221;, manifest\u00f3.<\/p>\n\n\n\n<p>Bautista Hern\u00e1ndez coment\u00f3 que todav\u00eda no revisan el tema de las iniciativas que se quedaron pendientes, despu\u00e9s de que concluya el proceso de capacitaci\u00f3n, de toma de protesta y dem\u00e1s, revisar\u00e1n cu\u00e1les podr\u00edan ser retomadas.<\/p>\n\n\n\n<p>Finalmente, reiter\u00f3 que llevar\u00e1n a cabo una auditor\u00eda a la administraci\u00f3n saliente del Congreso del Estado.<\/p>\n\n\n\n<p>&#8220;Tenemos que ver en qu\u00e9 se aplic\u00f3, en donde se aplic\u00f3, las unidades que nos est\u00e1n entregando, en qu\u00e9 condiciones se encuentran&#8221;, dijo.<\/p>\n","protected":false},"excerpt":{"rendered":"<p>Futuro presidente de JUCOPO, Esteban Bautista, llama a la responsabilidad de los medios -Pide que no haya reporteros de escritorio -No confirma si la diputada Tania Carola ser\u00e1 la pr\u00f3xima presidenta de la Mesa DirectivaAngeles Gonz\u00e1lez CeballosXalapa, Ver., El futuro presidente de la Junta de Coordinaci\u00f3n Pol\u00edtica (Jucopo) en el Congreso local, Esteban Bautista Hern\u00e1ndez,&#8230; <\/p>\n<div class=\"clear\"><\/div>\n<p><a href=\"https:\/\/plumanegranoticias.com\/?p=5721\" class=\"excerpt-read-more\">Read More<i class=\"fa fa-caret-right icon-caret-right\"><\/i><\/a><\/p>\n","protected":false},"author":2,"featured_media":5720,"comment_status":"open","ping_status":"open","sticky":false,"template":"","format":"standard","meta":{"om_disable_all_campaigns":false,"_monsterinsights_skip_tracking":false,"_monsterinsights_sitenote_active":false,"_monsterinsights_sitenote_note":"","_monsterinsights_sitenote_category":0,"_uf_show_specific_survey":0,"_uf_disable_surveys":false,"footnotes":""},"categories":[16,8,12],"tags":[],"class_list":["post-5721","post","type-post","status-publish","format-standard","has-post-thumbnail","hentry","category-plumazos","category-politica","category-regional"],"aioseo_notices":[],"_links":{"self":[{"href":"https:\/\/plumanegranoticias.com\/index.php?rest_route=\/wp\/v2\/posts\/5721","targetHints":{"allow":["GET"]}}],"collection":[{"href":"https:\/\/plumanegranoticias.com\/index.php?rest_route=\/wp\/v2\/posts"}],"about":[{"href":"https:\/\/plumanegranoticias.com\/index.php?rest_route=\/wp\/v2\/types\/post"}],"author":[{"embeddable":true,"href":"https:\/\/plumanegranoticias.com\/index.php?rest_route=\/wp\/v2\/users\/2"}],"replies":[{"embeddable":true,"href":"https:\/\/plumanegranoticias.com\/index.php?rest_route=%2Fwp%2Fv2%2Fcomments&post=5721"}],"version-history":[{"count":1,"href":"https:\/\/plumanegranoticias.com\/index.php?rest_route=\/wp\/v2\/posts\/5721\/revisions"}],"predecessor-version":[{"id":5722,"href":"https:\/\/plumanegranoticias.com\/index.php?rest_route=\/wp\/v2\/posts\/5721\/revisions\/5722"}],"wp:featuredmedia":[{"embeddable":true,"href":"https:\/\/plumanegranoticias.com\/index.php?rest_route=\/wp\/v2\/media\/5720"}],"wp:attachment":[{"href":"https:\/\/plumanegranoticias.com\/index.php?rest_route=%2Fwp%2Fv2%2Fmedia&parent=5721"}],"wp:term":[{"taxonomy":"category","embeddable":true,"href":"https:\/\/plumanegranoticias.com\/index.php?rest_route=%2Fwp%2Fv2%2Fcategories&post=5721"},{"taxonomy":"post_tag","embeddable":true,"href":"https:\/\/plumanegranoticias.com\/index.php?rest_route=%2Fwp%2Fv2%2Ftags&post=5721"}],"curies":[{"name":"wp","href":"https:\/\/api.w.org\/{rel}","templated":true}]}}