{"id":5741,"date":"2024-10-29T13:45:52","date_gmt":"2024-10-29T19:45:52","guid":{"rendered":"https:\/\/plumanegranoticias.com\/?p=5741"},"modified":"2024-10-29T13:47:00","modified_gmt":"2024-10-29T19:47:00","slug":"canirac-veracruz-promueve-colorido-evento-de-cafe-para-dia-de-muertos","status":"publish","type":"post","link":"https:\/\/plumanegranoticias.com\/?p=5741","title":{"rendered":"CANIRAC Veracruz promueve colorido evento de caf\u00e9 para D\u00eda de Muertos"},"content":{"rendered":"\n<p>Alejandro \u00c1vila<\/p>\n\n\n\n<p>Veracruz, Ver.- Este 2 y 3 de noviembre en la avenida Mart\u00ed del puerto de Veracruz se realizar\u00e1 el Paseo del Caf\u00e9, un evento que congregar\u00e1 a m\u00e1s de 40 comercios y d\u00f3nde se espera la presencia de casi 4 mil personas.<\/p>\n\n\n\n<p>La presidenta de la C\u00e1mara de Restauranteros en Veracruz, Abigail Guzm\u00e1n Hern\u00e1ndez, dijo que har\u00e1n un evento vistoso, luminoso y con tem\u00e1tica del D\u00eda de Muertos, el cual podr\u00e1n disfrutar de 2 de la tarde a 10 de la noche.<\/p>\n\n\n\n<p>&#8220;Lo que queremos es resaltar esta temporada, y vayan disfrazados de Catrinas a disfrutar al paseo Mart\u00ed que va a ser un fin de semana muy divertido (\u2026) s\u00ed, la mayor\u00eda son de aqu\u00ed de Veracruz porque lo que queremos es resaltar a nuestros asociados de Canirac, es muy importante para nosotros que ellos tengan esos espacios donde puedan presentar su propuesta gastron\u00f3mica como pas\u00f3 en la anterior muestra gastron\u00f3mica, y seguimos con esa misma l\u00ednea, que los usos puedan presentar sus productos y que puedan tambi\u00e9n ver los visitantes qu\u00e9 ofertas gastron\u00f3micas tiene Veracruz&#8221;, remat\u00f3.<\/p>\n\n\n\n<p>Finalmente y en otro tema, la presidenta de Canirac Veracruz, Abigail Guzm\u00e1n, reconoci\u00f3 que en la temporada D\u00eda de Muertos aumenta el consumo en los restaurantes y se espera que el 30 por ciento de ese incremento sea de turistas.<\/p>\n\n\n\n<figure class=\"wp-block-image size-large\"><img loading=\"lazy\" decoding=\"async\" width=\"1024\" height=\"461\" src=\"https:\/\/plumanegranoticias.com\/wp-content\/uploads\/2024\/10\/img-20241029-wa00977292560380519432261-1024x461.jpg\" alt=\"\" class=\"wp-image-5740\" srcset=\"https:\/\/plumanegranoticias.com\/wp-content\/uploads\/2024\/10\/img-20241029-wa00977292560380519432261-1024x461.jpg 1024w, https:\/\/plumanegranoticias.com\/wp-content\/uploads\/2024\/10\/img-20241029-wa00977292560380519432261-300x135.jpg 300w, https:\/\/plumanegranoticias.com\/wp-content\/uploads\/2024\/10\/img-20241029-wa00977292560380519432261-768x346.jpg 768w, https:\/\/plumanegranoticias.com\/wp-content\/uploads\/2024\/10\/img-20241029-wa00977292560380519432261.jpg 1280w\" sizes=\"auto, (max-width: 1024px) 100vw, 1024px\" \/><\/figure>\n","protected":false},"excerpt":{"rendered":"<p>Alejandro \u00c1vila Veracruz, Ver.- Este 2 y 3 de noviembre en la avenida Mart\u00ed del puerto de Veracruz se realizar\u00e1 el Paseo del Caf\u00e9, un evento que congregar\u00e1 a m\u00e1s de 40 comercios y d\u00f3nde se espera la presencia de casi 4 mil personas. La presidenta de la C\u00e1mara de Restauranteros en Veracruz, Abigail Guzm\u00e1n&#8230; <\/p>\n<div class=\"clear\"><\/div>\n<p><a href=\"https:\/\/plumanegranoticias.com\/?p=5741\" class=\"excerpt-read-more\">Read More<i class=\"fa fa-caret-right icon-caret-right\"><\/i><\/a><\/p>\n","protected":false},"author":2,"featured_media":5743,"comment_status":"open","ping_status":"open","sticky":false,"template":"","format":"standard","meta":{"om_disable_all_campaigns":false,"_monsterinsights_skip_tracking":false,"_monsterinsights_sitenote_active":false,"_monsterinsights_sitenote_note":"","_monsterinsights_sitenote_category":0,"_uf_show_specific_survey":0,"_uf_disable_surveys":false,"footnotes":""},"categories":[1],"tags":[21,24,36],"class_list":["post-5741","post","type-post","status-publish","format-standard","has-post-thumbnail","hentry","category-blog","tag-eventos","tag-moda","tag-musica"],"aioseo_notices":[],"_links":{"self":[{"href":"https:\/\/plumanegranoticias.com\/index.php?rest_route=\/wp\/v2\/posts\/5741","targetHints":{"allow":["GET"]}}],"collection":[{"href":"https:\/\/plumanegranoticias.com\/index.php?rest_route=\/wp\/v2\/posts"}],"about":[{"href":"https:\/\/plumanegranoticias.com\/index.php?rest_route=\/wp\/v2\/types\/post"}],"author":[{"embeddable":true,"href":"https:\/\/plumanegranoticias.com\/index.php?rest_route=\/wp\/v2\/users\/2"}],"replies":[{"embeddable":true,"href":"https:\/\/plumanegranoticias.com\/index.php?rest_route=%2Fwp%2Fv2%2Fcomments&post=5741"}],"version-history":[{"count":1,"href":"https:\/\/plumanegranoticias.com\/index.php?rest_route=\/wp\/v2\/posts\/5741\/revisions"}],"predecessor-version":[{"id":5742,"href":"https:\/\/plumanegranoticias.com\/index.php?rest_route=\/wp\/v2\/posts\/5741\/revisions\/5742"}],"wp:featuredmedia":[{"embeddable":true,"href":"https:\/\/plumanegranoticias.com\/index.php?rest_route=\/wp\/v2\/media\/5743"}],"wp:attachment":[{"href":"https:\/\/plumanegranoticias.com\/index.php?rest_route=%2Fwp%2Fv2%2Fmedia&parent=5741"}],"wp:term":[{"taxonomy":"category","embeddable":true,"href":"https:\/\/plumanegranoticias.com\/index.php?rest_route=%2Fwp%2Fv2%2Fcategories&post=5741"},{"taxonomy":"post_tag","embeddable":true,"href":"https:\/\/plumanegranoticias.com\/index.php?rest_route=%2Fwp%2Fv2%2Ftags&post=5741"}],"curies":[{"name":"wp","href":"https:\/\/api.w.org\/{rel}","templated":true}]}}