{"id":5745,"date":"2024-10-29T13:48:50","date_gmt":"2024-10-29T19:48:50","guid":{"rendered":"https:\/\/plumanegranoticias.com\/?p=5745"},"modified":"2024-10-29T13:50:46","modified_gmt":"2024-10-29T19:50:46","slug":"en-noviembre-veracruz-recibira-a-mas-de-22-paises-de-iberoamerica-sectur","status":"publish","type":"post","link":"https:\/\/plumanegranoticias.com\/?p=5745","title":{"rendered":"En noviembre Veracruz recibir\u00e1 a m\u00e1s de 22 pa\u00edses de Iberoam\u00e9rica: SECTUR"},"content":{"rendered":"\n<p>Alejandro \u00c1vila<\/p>\n\n\n\n<figure class=\"wp-block-image size-large\"><img loading=\"lazy\" decoding=\"async\" width=\"1024\" height=\"461\" src=\"https:\/\/plumanegranoticias.com\/wp-content\/uploads\/2024\/10\/img-20241029-wa00665000673485428843969-1024x461.jpg\" alt=\"\" class=\"wp-image-5744\" srcset=\"https:\/\/plumanegranoticias.com\/wp-content\/uploads\/2024\/10\/img-20241029-wa00665000673485428843969-1024x461.jpg 1024w, https:\/\/plumanegranoticias.com\/wp-content\/uploads\/2024\/10\/img-20241029-wa00665000673485428843969-300x135.jpg 300w, https:\/\/plumanegranoticias.com\/wp-content\/uploads\/2024\/10\/img-20241029-wa00665000673485428843969-768x346.jpg 768w, https:\/\/plumanegranoticias.com\/wp-content\/uploads\/2024\/10\/img-20241029-wa00665000673485428843969.jpg 1280w\" sizes=\"auto, (max-width: 1024px) 100vw, 1024px\" \/><\/figure>\n\n\n\n<p>Veracruz, Ver.- A partir del 4 y hasta el 8 de noviembre, Veracruz recibir\u00e1 a 22 pa\u00edses de Iberoam\u00e9rica y m\u00e1s de 100 autoridades internacionales, entre los que destacan Gobernadores, Ministros, Embajadores y Alcaldes, inform\u00f3 el secretario de Turismo, Iv\u00e1n Francisco Mart\u00ednez Olvera.<\/p>\n\n\n\n<p>En esa fecha en los municipios de Xalapa y Papantla se desarrollar\u00e1 el &#8220;Encuentro Iberoamericano Municipalista con Enfoque de Comunicaci\u00f3n y Turismo en Marca Territorio&#8221;.<\/p>\n\n\n\n<p>&#8220;Calculamos que tambi\u00e9n tendremos presencia de diferentes estados de la rep\u00fablica y, por supuesto, de todos los comunicadores que se anoten y se registran con nosotros, con la Secretar\u00eda de Turismo, recordarles a todos ustedes que el costo de este evento es de 600 euros, pero registr\u00e1ndose y validando su curr\u00edculum con nosotros podemos ver la gesti\u00f3n de la beca por parte de la Secretar\u00eda de Turismo para ustedes comunicadores&#8221;, expres\u00f3.<\/p>\n\n\n\n<p>Iv\u00e1n Mart\u00ednez mencion\u00f3 que el 6 de noviembre por la noche se entregar\u00e1 el Galard\u00f3n Tur\u00edstico &#8220;Mi Veracruz&#8221;, la cual se ha convertido en la Gala de Turismo m\u00e1s importante de M\u00e9xico; dicho reconocimiento estar\u00e1 en el Pueblo M\u00e1gico de Coatepec.<\/p>\n\n\n\n<p>En otro tema, dijo que en estos momentos no se ha presentado ninguna merma o problema en el sector tur\u00edstico por el derrumbe en las Cumbres de Maltrata que ha ocasionado embotellamientos viales y desv\u00edos de rutas a miles de automovilistas.<\/p>\n","protected":false},"excerpt":{"rendered":"<p>Alejandro \u00c1vila Veracruz, Ver.- A partir del 4 y hasta el 8 de noviembre, Veracruz recibir\u00e1 a 22 pa\u00edses de Iberoam\u00e9rica y m\u00e1s de 100 autoridades internacionales, entre los que destacan Gobernadores, Ministros, Embajadores y Alcaldes, inform\u00f3 el secretario de Turismo, Iv\u00e1n Francisco Mart\u00ednez Olvera. En esa fecha en los municipios de Xalapa y Papantla&#8230; <\/p>\n<div class=\"clear\"><\/div>\n<p><a href=\"https:\/\/plumanegranoticias.com\/?p=5745\" class=\"excerpt-read-more\">Read More<i class=\"fa fa-caret-right icon-caret-right\"><\/i><\/a><\/p>\n","protected":false},"author":2,"featured_media":5747,"comment_status":"open","ping_status":"open","sticky":false,"template":"","format":"standard","meta":{"om_disable_all_campaigns":false,"_monsterinsights_skip_tracking":false,"_monsterinsights_sitenote_active":false,"_monsterinsights_sitenote_note":"","_monsterinsights_sitenote_category":0,"_uf_show_specific_survey":0,"_uf_disable_surveys":false,"footnotes":""},"categories":[1],"tags":[21,24],"class_list":["post-5745","post","type-post","status-publish","format-standard","has-post-thumbnail","hentry","category-blog","tag-eventos","tag-moda"],"aioseo_notices":[],"_links":{"self":[{"href":"https:\/\/plumanegranoticias.com\/index.php?rest_route=\/wp\/v2\/posts\/5745","targetHints":{"allow":["GET"]}}],"collection":[{"href":"https:\/\/plumanegranoticias.com\/index.php?rest_route=\/wp\/v2\/posts"}],"about":[{"href":"https:\/\/plumanegranoticias.com\/index.php?rest_route=\/wp\/v2\/types\/post"}],"author":[{"embeddable":true,"href":"https:\/\/plumanegranoticias.com\/index.php?rest_route=\/wp\/v2\/users\/2"}],"replies":[{"embeddable":true,"href":"https:\/\/plumanegranoticias.com\/index.php?rest_route=%2Fwp%2Fv2%2Fcomments&post=5745"}],"version-history":[{"count":1,"href":"https:\/\/plumanegranoticias.com\/index.php?rest_route=\/wp\/v2\/posts\/5745\/revisions"}],"predecessor-version":[{"id":5746,"href":"https:\/\/plumanegranoticias.com\/index.php?rest_route=\/wp\/v2\/posts\/5745\/revisions\/5746"}],"wp:featuredmedia":[{"embeddable":true,"href":"https:\/\/plumanegranoticias.com\/index.php?rest_route=\/wp\/v2\/media\/5747"}],"wp:attachment":[{"href":"https:\/\/plumanegranoticias.com\/index.php?rest_route=%2Fwp%2Fv2%2Fmedia&parent=5745"}],"wp:term":[{"taxonomy":"category","embeddable":true,"href":"https:\/\/plumanegranoticias.com\/index.php?rest_route=%2Fwp%2Fv2%2Fcategories&post=5745"},{"taxonomy":"post_tag","embeddable":true,"href":"https:\/\/plumanegranoticias.com\/index.php?rest_route=%2Fwp%2Fv2%2Ftags&post=5745"}],"curies":[{"name":"wp","href":"https:\/\/api.w.org\/{rel}","templated":true}]}}