{"id":5750,"date":"2024-10-29T14:28:58","date_gmt":"2024-10-29T20:28:58","guid":{"rendered":"https:\/\/plumanegranoticias.com\/?p=5750"},"modified":"2024-10-29T14:29:51","modified_gmt":"2024-10-29T20:29:51","slug":"veracruz-lidera-secuestros","status":"publish","type":"post","link":"https:\/\/plumanegranoticias.com\/?p=5750","title":{"rendered":"VERACRUZ LIDERA SECUESTROS"},"content":{"rendered":"\n<figure class=\"wp-block-image size-large\"><img loading=\"lazy\" decoding=\"async\" width=\"1024\" height=\"577\" src=\"https:\/\/plumanegranoticias.com\/wp-content\/uploads\/2024\/10\/img-20241029-wa004113339191658219722016-1024x577.jpg\" alt=\"\" class=\"wp-image-5748\" srcset=\"https:\/\/plumanegranoticias.com\/wp-content\/uploads\/2024\/10\/img-20241029-wa004113339191658219722016-1024x577.jpg 1024w, https:\/\/plumanegranoticias.com\/wp-content\/uploads\/2024\/10\/img-20241029-wa004113339191658219722016-300x169.jpg 300w, https:\/\/plumanegranoticias.com\/wp-content\/uploads\/2024\/10\/img-20241029-wa004113339191658219722016-768x433.jpg 768w, https:\/\/plumanegranoticias.com\/wp-content\/uploads\/2024\/10\/img-20241029-wa004113339191658219722016.jpg 1213w\" sizes=\"auto, (max-width: 1024px) 100vw, 1024px\" \/><\/figure>\n\n\n\n<figure class=\"wp-block-image\"><img loading=\"lazy\" decoding=\"async\" width=\"1024\" height=\"593\" src=\"https:\/\/plumanegranoticias.com\/wp-content\/uploads\/2024\/10\/img-20241029-wa004017985492376973990326-1024x593.jpg\" alt=\"\" class=\"wp-image-5749\" srcset=\"https:\/\/plumanegranoticias.com\/wp-content\/uploads\/2024\/10\/img-20241029-wa004017985492376973990326-1024x593.jpg 1024w, https:\/\/plumanegranoticias.com\/wp-content\/uploads\/2024\/10\/img-20241029-wa004017985492376973990326-300x174.jpg 300w, https:\/\/plumanegranoticias.com\/wp-content\/uploads\/2024\/10\/img-20241029-wa004017985492376973990326-768x445.jpg 768w, https:\/\/plumanegranoticias.com\/wp-content\/uploads\/2024\/10\/img-20241029-wa004017985492376973990326.jpg 1207w\" sizes=\"auto, (max-width: 1024px) 100vw, 1024px\" \/><\/figure>\n\n\n\n<p>Veracruz se mantiene en el primer lugar en casos de secuestro en el periodo del 2018 al 2024.<br \/>La Organizaci\u00f3n Alto al Secuestro present\u00f3 un informe, donde se\u00f1ala que entre enero de 2018 al d\u00eda 30 del mes de septiembre, el estado de Veracruz fue la entidad con m\u00e1s casos de secuestro, un total de mil 073.<br \/>Le sigui\u00f3 el Estado de M\u00e9xico con mil 023 casos, la Ciudad de M\u00e9xico con 472 reportes por este delito, Puebla con 293 y Chihuahua con 285, por lo que s\u00f3lo en est\u00e1s cinco entidades se cometi\u00f3 el 44.8 por ciento del total nacional de secuestros.<br \/>El documento revela que, durante la pasada administraci\u00f3n federal, entre diciembre de 2018 y septiembre del presente a\u00f1o, se cometieron 7 mil 014 secuestros con 11 mil 446 v\u00edctimas, de acuerdo con el reporte mensual de la organizaci\u00f3n Alto al Secuestro.<br \/>La cifra del total de secuestros report\u00f3 una disminuci\u00f3n de 39.7 por ciento, en comparaci\u00f3n con el mismo periodo del sexenio antepasado, de Enrique Pe\u00f1a Nieto, cuando se registraron 11 mil 642 casos.<br \/>Durante la administraci\u00f3n del ex presidente Andr\u00e9s Manuel L\u00f3pez Obrador, fueron detenidos 7 mil 168 presuntos responsables por este delito.<br \/>Recientemente la titular de la Fiscal\u00eda General del Estado, Ver\u00f3nica Hern\u00e1ndez Giaddans, dijo que Veracruz destaca a nivel nacional en el combate al secuestro, el cual han logrado reducir hasta un 90 por ciento.<br \/>Dijo que desde el 2019 se han aplicado mecanismos que han permitido que las cifras de este delito se reduzcan de manera considerable, convirtiendo a Veracruz \u201cen un referente nacional en el combate al secuestro, adem\u00e1s de que, a nivel nacional, el estado se encuentra en primer lugar de personas detenidas y sentenciadas\u201d.<br \/>Reiter\u00f3 que se trabaja en esta administraci\u00f3n estatal para fortalecer la fiscal\u00eda del estado y as\u00ed brindar una mejor impartici\u00f3n de justicia.<\/p>\n","protected":false},"excerpt":{"rendered":"<p>Veracruz se mantiene en el primer lugar en casos de secuestro en el periodo del 2018 al 2024.La Organizaci\u00f3n Alto al Secuestro present\u00f3 un informe, donde se\u00f1ala que entre enero de 2018 al d\u00eda 30 del mes de septiembre, el estado de Veracruz fue la entidad con m\u00e1s casos de secuestro, un total de mil&#8230; <\/p>\n<div class=\"clear\"><\/div>\n<p><a href=\"https:\/\/plumanegranoticias.com\/?p=5750\" class=\"excerpt-read-more\">Read More<i class=\"fa fa-caret-right icon-caret-right\"><\/i><\/a><\/p>\n","protected":false},"author":2,"featured_media":5752,"comment_status":"open","ping_status":"open","sticky":false,"template":"","format":"standard","meta":{"om_disable_all_campaigns":false,"_monsterinsights_skip_tracking":false,"_monsterinsights_sitenote_active":false,"_monsterinsights_sitenote_note":"","_monsterinsights_sitenote_category":0,"_uf_show_specific_survey":0,"_uf_disable_surveys":false,"footnotes":""},"categories":[1],"tags":[28,18,30],"class_list":["post-5750","post","type-post","status-publish","format-standard","has-post-thumbnail","hentry","category-blog","tag-nacionales","tag-noticia","tag-plumazos"],"aioseo_notices":[],"_links":{"self":[{"href":"https:\/\/plumanegranoticias.com\/index.php?rest_route=\/wp\/v2\/posts\/5750","targetHints":{"allow":["GET"]}}],"collection":[{"href":"https:\/\/plumanegranoticias.com\/index.php?rest_route=\/wp\/v2\/posts"}],"about":[{"href":"https:\/\/plumanegranoticias.com\/index.php?rest_route=\/wp\/v2\/types\/post"}],"author":[{"embeddable":true,"href":"https:\/\/plumanegranoticias.com\/index.php?rest_route=\/wp\/v2\/users\/2"}],"replies":[{"embeddable":true,"href":"https:\/\/plumanegranoticias.com\/index.php?rest_route=%2Fwp%2Fv2%2Fcomments&post=5750"}],"version-history":[{"count":1,"href":"https:\/\/plumanegranoticias.com\/index.php?rest_route=\/wp\/v2\/posts\/5750\/revisions"}],"predecessor-version":[{"id":5751,"href":"https:\/\/plumanegranoticias.com\/index.php?rest_route=\/wp\/v2\/posts\/5750\/revisions\/5751"}],"wp:featuredmedia":[{"embeddable":true,"href":"https:\/\/plumanegranoticias.com\/index.php?rest_route=\/wp\/v2\/media\/5752"}],"wp:attachment":[{"href":"https:\/\/plumanegranoticias.com\/index.php?rest_route=%2Fwp%2Fv2%2Fmedia&parent=5750"}],"wp:term":[{"taxonomy":"category","embeddable":true,"href":"https:\/\/plumanegranoticias.com\/index.php?rest_route=%2Fwp%2Fv2%2Fcategories&post=5750"},{"taxonomy":"post_tag","embeddable":true,"href":"https:\/\/plumanegranoticias.com\/index.php?rest_route=%2Fwp%2Fv2%2Ftags&post=5750"}],"curies":[{"name":"wp","href":"https:\/\/api.w.org\/{rel}","templated":true}]}}