{"id":5786,"date":"2024-10-30T10:19:17","date_gmt":"2024-10-30T16:19:17","guid":{"rendered":"https:\/\/plumanegranoticias.com\/?p=5786"},"modified":"2024-10-30T10:19:44","modified_gmt":"2024-10-30T16:19:44","slug":"anuncian-tamaliza-en-macroplaza-del-malecon-de-veracruz","status":"publish","type":"post","link":"https:\/\/plumanegranoticias.com\/?p=5786","title":{"rendered":"Anuncian Tamaliza en Macroplaza del Malec\u00f3n de Veracruz"},"content":{"rendered":"\n<p>Alejandro \u00c1vila<\/p>\n\n\n\n<p>Veracruz, Ver.- El pr\u00f3ximo 1 y 2 de noviembre se realizar\u00e1 el Tercer Festival de la Tamaliza, organizado por el Colectivo &#8220;Impulsa Mujer Rural&#8221; en coordinaci\u00f3n con el Ayuntamiento de Veracruz.<\/p>\n\n\n\n<p>El evento congregar\u00e1 a decenas de expositoras y vendedoras de la zona rural del municipio de Veracruz, y se llevar\u00e1 a cabo en la Macroplaza del Malec\u00f3n en horario de 17 a 22 horas.<\/p>\n\n\n\n<p>Marcela L\u00f3pez Flores, vicepresidenta del Colectivo &#8220;Impulsa Mujer Rural&#8221;, dio a conocer que el pr\u00f3ximo 11 de noviembre se tendr\u00e1 el desayuno del colectivo en la localidad de Santa Fe, donde se dar\u00e1n reconocimientos a las comerciantes y habr\u00e1 pl\u00e1ticas sobre como mejorar los emprendimiento.<\/p>\n\n\n\n<p>&#8220;El siguiente evento que tenemos es el martes 12 de noviembre, gracias a la invitaci\u00f3n de la escuela Crist\u00f3bal Col\u00f3n estaremos participando, estaremos exponiendo nuestros emprendimientos, estaremos ah\u00ed los d\u00edas 12, 13 y 14 de noviembre con un horario de 9 de la ma\u00f1ana 2:30 de la tarde&#8221;, declar\u00f3.<\/p>\n\n\n\n<p>Asimismo realizar\u00e1n la Expo &#8220;Impulsa Mujer Rural&#8221; en el kiosco del fraccionamiento Dorado Real, el pr\u00f3ximo 16 de noviembre de 16 a 20:30 horas; donde habr\u00e1 grupo musical en vivo para amenizar el evento.<\/p>\n\n\n\n<figure class=\"wp-block-image size-large\"><img loading=\"lazy\" decoding=\"async\" width=\"1024\" height=\"768\" src=\"https:\/\/plumanegranoticias.com\/wp-content\/uploads\/2024\/10\/img-20241030-wa00483250406886289901260-1024x768.jpg\" alt=\"\" class=\"wp-image-5785\" srcset=\"https:\/\/plumanegranoticias.com\/wp-content\/uploads\/2024\/10\/img-20241030-wa00483250406886289901260-1024x768.jpg 1024w, https:\/\/plumanegranoticias.com\/wp-content\/uploads\/2024\/10\/img-20241030-wa00483250406886289901260-300x225.jpg 300w, https:\/\/plumanegranoticias.com\/wp-content\/uploads\/2024\/10\/img-20241030-wa00483250406886289901260-768x576.jpg 768w, https:\/\/plumanegranoticias.com\/wp-content\/uploads\/2024\/10\/img-20241030-wa00483250406886289901260-400x300.jpg 400w, https:\/\/plumanegranoticias.com\/wp-content\/uploads\/2024\/10\/img-20241030-wa00483250406886289901260.jpg 1080w\" sizes=\"auto, (max-width: 1024px) 100vw, 1024px\" \/><\/figure>\n\n\n\n<figure class=\"wp-block-image\"><img loading=\"lazy\" decoding=\"async\" width=\"768\" height=\"1024\" src=\"https:\/\/plumanegranoticias.com\/wp-content\/uploads\/2024\/10\/img-20241030-wa00502784100980557272040-768x1024.jpg\" alt=\"\" class=\"wp-image-5784\" srcset=\"https:\/\/plumanegranoticias.com\/wp-content\/uploads\/2024\/10\/img-20241030-wa00502784100980557272040-768x1024.jpg 768w, https:\/\/plumanegranoticias.com\/wp-content\/uploads\/2024\/10\/img-20241030-wa00502784100980557272040-225x300.jpg 225w, https:\/\/plumanegranoticias.com\/wp-content\/uploads\/2024\/10\/img-20241030-wa00502784100980557272040.jpg 1080w\" sizes=\"auto, (max-width: 768px) 100vw, 768px\" \/><\/figure>\n","protected":false},"excerpt":{"rendered":"<p>Alejandro \u00c1vila Veracruz, Ver.- El pr\u00f3ximo 1 y 2 de noviembre se realizar\u00e1 el Tercer Festival de la Tamaliza, organizado por el Colectivo &#8220;Impulsa Mujer Rural&#8221; en coordinaci\u00f3n con el Ayuntamiento de Veracruz. El evento congregar\u00e1 a decenas de expositoras y vendedoras de la zona rural del municipio de Veracruz, y se llevar\u00e1 a cabo&#8230; <\/p>\n<div class=\"clear\"><\/div>\n<p><a href=\"https:\/\/plumanegranoticias.com\/?p=5786\" class=\"excerpt-read-more\">Read More<i class=\"fa fa-caret-right icon-caret-right\"><\/i><\/a><\/p>\n","protected":false},"author":2,"featured_media":5788,"comment_status":"open","ping_status":"open","sticky":false,"template":"","format":"standard","meta":{"om_disable_all_campaigns":false,"_monsterinsights_skip_tracking":false,"_monsterinsights_sitenote_active":false,"_monsterinsights_sitenote_note":"","_monsterinsights_sitenote_category":0,"_uf_show_specific_survey":0,"_uf_disable_surveys":false,"footnotes":""},"categories":[1],"tags":[18,30,61],"class_list":["post-5786","post","type-post","status-publish","format-standard","has-post-thumbnail","hentry","category-blog","tag-noticia","tag-plumazos","tag-politica"],"aioseo_notices":[],"_links":{"self":[{"href":"https:\/\/plumanegranoticias.com\/index.php?rest_route=\/wp\/v2\/posts\/5786","targetHints":{"allow":["GET"]}}],"collection":[{"href":"https:\/\/plumanegranoticias.com\/index.php?rest_route=\/wp\/v2\/posts"}],"about":[{"href":"https:\/\/plumanegranoticias.com\/index.php?rest_route=\/wp\/v2\/types\/post"}],"author":[{"embeddable":true,"href":"https:\/\/plumanegranoticias.com\/index.php?rest_route=\/wp\/v2\/users\/2"}],"replies":[{"embeddable":true,"href":"https:\/\/plumanegranoticias.com\/index.php?rest_route=%2Fwp%2Fv2%2Fcomments&post=5786"}],"version-history":[{"count":1,"href":"https:\/\/plumanegranoticias.com\/index.php?rest_route=\/wp\/v2\/posts\/5786\/revisions"}],"predecessor-version":[{"id":5787,"href":"https:\/\/plumanegranoticias.com\/index.php?rest_route=\/wp\/v2\/posts\/5786\/revisions\/5787"}],"wp:featuredmedia":[{"embeddable":true,"href":"https:\/\/plumanegranoticias.com\/index.php?rest_route=\/wp\/v2\/media\/5788"}],"wp:attachment":[{"href":"https:\/\/plumanegranoticias.com\/index.php?rest_route=%2Fwp%2Fv2%2Fmedia&parent=5786"}],"wp:term":[{"taxonomy":"category","embeddable":true,"href":"https:\/\/plumanegranoticias.com\/index.php?rest_route=%2Fwp%2Fv2%2Fcategories&post=5786"},{"taxonomy":"post_tag","embeddable":true,"href":"https:\/\/plumanegranoticias.com\/index.php?rest_route=%2Fwp%2Fv2%2Ftags&post=5786"}],"curies":[{"name":"wp","href":"https:\/\/api.w.org\/{rel}","templated":true}]}}