{"id":5791,"date":"2024-10-30T11:15:19","date_gmt":"2024-10-30T17:15:19","guid":{"rendered":"https:\/\/plumanegranoticias.com\/?p=5791"},"modified":"2024-10-30T11:15:56","modified_gmt":"2024-10-30T17:15:56","slug":"sentenciados-a-20-anos-de-prision-como-responsables-del-delito-de-homicidio-doloso-calificado","status":"publish","type":"post","link":"https:\/\/plumanegranoticias.com\/?p=5791","title":{"rendered":"Sentenciados a 20 a\u00f1os de prisi\u00f3n como responsables del delito de homicidio doloso calificado"},"content":{"rendered":"\n<p>Coatzacoalcos, Ver., 30 octubre de 2024.-La Fiscal\u00eda Regional Coatzacoalcos logr\u00f3 sentencia condenatoria de 20 a\u00f1os de prisi\u00f3n en contra de Gustavo \u201cN\u201d y Jos\u00e9 Valent\u00edn \u201cN\u201d, como responsables del delito de homicidio doloso calificado, en agravio de la v\u00edctima identificada con las iniciales G.R.C.<\/p>\n\n\n\n<p>Hechos ocurridos el 8 de septiembre del 2020, cuando Jos\u00e9 Valent\u00edn \u201cN\u201d accion\u00f3 un arma de fuego en contra de la v\u00edctima, priv\u00e1ndole de la vida, siendo Gustavo \u201cN\u201d el autor intelectual del hecho.<\/p>\n\n\n\n<p>El juez adem\u00e1s de dictar sentencia estableci\u00f3 un pago por concepto de reparaci\u00f3n del da\u00f1o y suspendi\u00f3 sus derechos civiles y pol\u00edticos, dentro del juicio oral 93\/2023<\/p>\n\n\n\n<figure class=\"wp-block-image size-large\"><img loading=\"lazy\" decoding=\"async\" width=\"1024\" height=\"1024\" src=\"https:\/\/plumanegranoticias.com\/wp-content\/uploads\/2024\/10\/img-20241030-wa00528675863603904583867-1024x1024.jpg\" alt=\"\" class=\"wp-image-5790\" srcset=\"https:\/\/plumanegranoticias.com\/wp-content\/uploads\/2024\/10\/img-20241030-wa00528675863603904583867-1024x1024.jpg 1024w, https:\/\/plumanegranoticias.com\/wp-content\/uploads\/2024\/10\/img-20241030-wa00528675863603904583867-300x300.jpg 300w, https:\/\/plumanegranoticias.com\/wp-content\/uploads\/2024\/10\/img-20241030-wa00528675863603904583867-150x150.jpg 150w, https:\/\/plumanegranoticias.com\/wp-content\/uploads\/2024\/10\/img-20241030-wa00528675863603904583867-768x768.jpg 768w, https:\/\/plumanegranoticias.com\/wp-content\/uploads\/2024\/10\/img-20241030-wa00528675863603904583867-400x400.jpg 400w, https:\/\/plumanegranoticias.com\/wp-content\/uploads\/2024\/10\/img-20241030-wa00528675863603904583867.jpg 1200w\" sizes=\"auto, (max-width: 1024px) 100vw, 1024px\" \/><\/figure>\n","protected":false},"excerpt":{"rendered":"<p>Coatzacoalcos, Ver., 30 octubre de 2024.-La Fiscal\u00eda Regional Coatzacoalcos logr\u00f3 sentencia condenatoria de 20 a\u00f1os de prisi\u00f3n en contra de Gustavo \u201cN\u201d y Jos\u00e9 Valent\u00edn \u201cN\u201d, como responsables del delito de homicidio doloso calificado, en agravio de la v\u00edctima identificada con las iniciales G.R.C. Hechos ocurridos el 8 de septiembre del 2020, cuando Jos\u00e9 Valent\u00edn&#8230; <\/p>\n<div class=\"clear\"><\/div>\n<p><a href=\"https:\/\/plumanegranoticias.com\/?p=5791\" class=\"excerpt-read-more\">Read More<i class=\"fa fa-caret-right icon-caret-right\"><\/i><\/a><\/p>\n","protected":false},"author":2,"featured_media":5789,"comment_status":"open","ping_status":"open","sticky":false,"template":"","format":"standard","meta":{"om_disable_all_campaigns":false,"_monsterinsights_skip_tracking":false,"_monsterinsights_sitenote_active":false,"_monsterinsights_sitenote_note":"","_monsterinsights_sitenote_category":0,"_uf_show_specific_survey":0,"_uf_disable_surveys":false,"footnotes":""},"categories":[1],"tags":[22,18],"class_list":["post-5791","post","type-post","status-publish","format-standard","has-post-thumbnail","hentry","category-blog","tag-nota-roja","tag-noticia"],"aioseo_notices":[],"_links":{"self":[{"href":"https:\/\/plumanegranoticias.com\/index.php?rest_route=\/wp\/v2\/posts\/5791","targetHints":{"allow":["GET"]}}],"collection":[{"href":"https:\/\/plumanegranoticias.com\/index.php?rest_route=\/wp\/v2\/posts"}],"about":[{"href":"https:\/\/plumanegranoticias.com\/index.php?rest_route=\/wp\/v2\/types\/post"}],"author":[{"embeddable":true,"href":"https:\/\/plumanegranoticias.com\/index.php?rest_route=\/wp\/v2\/users\/2"}],"replies":[{"embeddable":true,"href":"https:\/\/plumanegranoticias.com\/index.php?rest_route=%2Fwp%2Fv2%2Fcomments&post=5791"}],"version-history":[{"count":1,"href":"https:\/\/plumanegranoticias.com\/index.php?rest_route=\/wp\/v2\/posts\/5791\/revisions"}],"predecessor-version":[{"id":5792,"href":"https:\/\/plumanegranoticias.com\/index.php?rest_route=\/wp\/v2\/posts\/5791\/revisions\/5792"}],"wp:featuredmedia":[{"embeddable":true,"href":"https:\/\/plumanegranoticias.com\/index.php?rest_route=\/wp\/v2\/media\/5789"}],"wp:attachment":[{"href":"https:\/\/plumanegranoticias.com\/index.php?rest_route=%2Fwp%2Fv2%2Fmedia&parent=5791"}],"wp:term":[{"taxonomy":"category","embeddable":true,"href":"https:\/\/plumanegranoticias.com\/index.php?rest_route=%2Fwp%2Fv2%2Fcategories&post=5791"},{"taxonomy":"post_tag","embeddable":true,"href":"https:\/\/plumanegranoticias.com\/index.php?rest_route=%2Fwp%2Fv2%2Ftags&post=5791"}],"curies":[{"name":"wp","href":"https:\/\/api.w.org\/{rel}","templated":true}]}}