{"id":5801,"date":"2024-10-30T12:40:47","date_gmt":"2024-10-30T18:40:47","guid":{"rendered":"https:\/\/plumanegranoticias.com\/?p=5801"},"modified":"2024-10-30T12:41:41","modified_gmt":"2024-10-30T18:41:41","slug":"pvem-segunda-fuerza-en-lxvii-legislatura-de-veracruz","status":"publish","type":"post","link":"https:\/\/plumanegranoticias.com\/?p=5801","title":{"rendered":"PVEM SEGUNDA FUERZA EN LXVII LEGISLATURA DE VERACRUZ\u00a0"},"content":{"rendered":"\n<p>En asamblea definen Agenda Legislativa y eligen a Carlos Marcelo Ruiz como Coordinador<\/p>\n\n\n\n<p>Xalapa, Ver., 30 de Octubre de 2024, Con seis legisladores, el Partido Verde ser\u00e1 la segunda fuerza en la LXVII Legislatura de Veracruz y ser\u00e1 coordinada por el diputado Carlos Marcelo Ruiz S\u00e1nchez, de acuerdo a la decisi\u00f3n de la Reuni\u00f3n Plenaria de las y los diputados locales convocada por el Comit\u00e9 Ejecutivo Estatal para definir la Agenda Verde.<\/p>\n\n\n\n<p>Las diputadas Tania Maria Cruz Mej\u00eda, Estefania Bastida Cuevas, Ang\u00e9lica Pe\u00f1a Mart\u00ednez y los diputados, Carlos Marcelo Ruiz S\u00e1nchez, Igor Roj\u00ed L\u00f3pez y Urbano Bautista Mart\u00ednez se reunieron para designar a su pr\u00f3ximo coordinador de Grupo Legislativo y conocer las facultades, funciones y atribuciones de su gesti\u00f3n como representantes populares.<\/p>\n\n\n\n<p>En su participaci\u00f3n los legisladores de representaci\u00f3n directa y proporcional comprometieron su responsabilidad en las tareas de legislar, fiscalizar los recursos p\u00fablicos, aprobaci\u00f3n de presupuestos y la designaci\u00f3n de servidores p\u00fablicos en los que el Congreso de Veracruz tiene la facultad de nombrar.<\/p>\n\n\n\n<p>En la reuni\u00f3n el Dirigente del Partido Verde, Carlos Marcelo Ruiz S\u00e1nchez y el secretario de Organizaci\u00f3n del Comit\u00e9 Ejecutivo Estatal, Edgar Herrera Lendechy, coincidieron en el compromiso del Grupo Legislativo del Partido Verde para trabajar y mejorar la legislaci\u00f3n para beneficio de m\u00e1s de 8.6 millones de veracruzanos representados por los diputados.<\/p>\n\n\n\n<p>Ruiz S\u00e1nchez expuso que como partido aliado de la Cuarta Transformaci\u00f3n, los legisladores del Partido Verde, conf\u00edan en la interlocuci\u00f3n proactiva con el nuevo gobierno que encabezar\u00e1, la titular Roc\u00edo Nahle Garc\u00eda y su Plan de Desarrollo 2025-2030 para Veracruz.<\/p>\n\n\n\n<p>\u201cConf\u00edamos en la pr\u00f3xima Gobernadora de Veracruz, ingeniera Rocio Nahle, que ser\u00e1 la primera mujer en la historia en alcanzar el cargo por la v\u00eda de la democracia y como parte de la alianza, vamos a respaldar de manera muy responsable las iniciativas del Ejecutivo al Congreso como parte de la transformaci\u00f3n de Veracruz\u201d , dijo.<\/p>\n\n\n\n<p>Destac\u00f3 que la Agenda Legislativa Verde promover\u00e1 modificaciones a las leyes estatales para atender el desabasto de agua, atenci\u00f3n a delitos ambientales, empleo para personas con discapacidad, tecnolog\u00eda contra el crimen, promover la Fiscal\u00eda de la Mujer y protecci\u00f3n al medio ambiente y contenci\u00f3n del deterioro ecol\u00f3gico, entre otros temas de prioridad para Veracruz.<\/p>\n\n\n\n<p>En comunicaci\u00f3n digital, desde el Comit\u00e9 Ejecutivo Nacional del Partido Verde, el Secretario de Organizaci\u00f3n, Diputado Federal Javier Herrera Borunda, ofreci\u00f3 el respaldo a los legisladores locales veracruzanos desde el partido y la C\u00e1mara de Diputados del Congreso de la Uni\u00f3n donde ocupa la Presidencia de la Comisi\u00f3n de Vigilancia de la Auditor\u00eda Superior de la Federaci\u00f3n.<\/p>\n\n\n\n<figure class=\"wp-block-image size-large\"><img loading=\"lazy\" decoding=\"async\" width=\"1024\" height=\"683\" src=\"https:\/\/plumanegranoticias.com\/wp-content\/uploads\/2024\/10\/img-20241030-wa00064365691063825944265-1024x683.jpg\" alt=\"\" class=\"wp-image-5799\" srcset=\"https:\/\/plumanegranoticias.com\/wp-content\/uploads\/2024\/10\/img-20241030-wa00064365691063825944265-1024x683.jpg 1024w, https:\/\/plumanegranoticias.com\/wp-content\/uploads\/2024\/10\/img-20241030-wa00064365691063825944265-300x200.jpg 300w, https:\/\/plumanegranoticias.com\/wp-content\/uploads\/2024\/10\/img-20241030-wa00064365691063825944265-768x512.jpg 768w, https:\/\/plumanegranoticias.com\/wp-content\/uploads\/2024\/10\/img-20241030-wa00064365691063825944265-1536x1025.jpg 1536w, https:\/\/plumanegranoticias.com\/wp-content\/uploads\/2024\/10\/img-20241030-wa00064365691063825944265.jpg 2000w\" sizes=\"auto, (max-width: 1024px) 100vw, 1024px\" \/><\/figure>\n\n\n\n<figure class=\"wp-block-image\"><img loading=\"lazy\" decoding=\"async\" width=\"1024\" height=\"683\" src=\"https:\/\/plumanegranoticias.com\/wp-content\/uploads\/2024\/10\/img-20241030-wa00103947151955191949597-1024x683.jpg\" alt=\"\" class=\"wp-image-5798\" srcset=\"https:\/\/plumanegranoticias.com\/wp-content\/uploads\/2024\/10\/img-20241030-wa00103947151955191949597-1024x683.jpg 1024w, https:\/\/plumanegranoticias.com\/wp-content\/uploads\/2024\/10\/img-20241030-wa00103947151955191949597-300x200.jpg 300w, https:\/\/plumanegranoticias.com\/wp-content\/uploads\/2024\/10\/img-20241030-wa00103947151955191949597-768x512.jpg 768w, https:\/\/plumanegranoticias.com\/wp-content\/uploads\/2024\/10\/img-20241030-wa00103947151955191949597-1536x1025.jpg 1536w, https:\/\/plumanegranoticias.com\/wp-content\/uploads\/2024\/10\/img-20241030-wa00103947151955191949597.jpg 2000w\" sizes=\"auto, (max-width: 1024px) 100vw, 1024px\" \/><\/figure>\n\n\n\n<figure class=\"wp-block-image\"><img loading=\"lazy\" decoding=\"async\" width=\"1024\" height=\"683\" src=\"https:\/\/plumanegranoticias.com\/wp-content\/uploads\/2024\/10\/img-20241030-wa00129071926637910472402-1024x683.jpg\" alt=\"\" class=\"wp-image-5800\" srcset=\"https:\/\/plumanegranoticias.com\/wp-content\/uploads\/2024\/10\/img-20241030-wa00129071926637910472402-1024x683.jpg 1024w, https:\/\/plumanegranoticias.com\/wp-content\/uploads\/2024\/10\/img-20241030-wa00129071926637910472402-300x200.jpg 300w, https:\/\/plumanegranoticias.com\/wp-content\/uploads\/2024\/10\/img-20241030-wa00129071926637910472402-768x512.jpg 768w, https:\/\/plumanegranoticias.com\/wp-content\/uploads\/2024\/10\/img-20241030-wa00129071926637910472402-1536x1025.jpg 1536w, https:\/\/plumanegranoticias.com\/wp-content\/uploads\/2024\/10\/img-20241030-wa00129071926637910472402.jpg 2000w\" sizes=\"auto, (max-width: 1024px) 100vw, 1024px\" \/><\/figure>\n","protected":false},"excerpt":{"rendered":"<p>En asamblea definen Agenda Legislativa y eligen a Carlos Marcelo Ruiz como Coordinador Xalapa, Ver., 30 de Octubre de 2024, Con seis legisladores, el Partido Verde ser\u00e1 la segunda fuerza en la LXVII Legislatura de Veracruz y ser\u00e1 coordinada por el diputado Carlos Marcelo Ruiz S\u00e1nchez, de acuerdo a la decisi\u00f3n de la Reuni\u00f3n Plenaria&#8230; <\/p>\n<div class=\"clear\"><\/div>\n<p><a href=\"https:\/\/plumanegranoticias.com\/?p=5801\" class=\"excerpt-read-more\">Read More<i class=\"fa fa-caret-right icon-caret-right\"><\/i><\/a><\/p>\n","protected":false},"author":2,"featured_media":5803,"comment_status":"open","ping_status":"open","sticky":false,"template":"","format":"standard","meta":{"om_disable_all_campaigns":false,"_monsterinsights_skip_tracking":false,"_monsterinsights_sitenote_active":false,"_monsterinsights_sitenote_note":"","_monsterinsights_sitenote_category":0,"_uf_show_specific_survey":0,"_uf_disable_surveys":false,"footnotes":""},"categories":[1],"tags":[18,30,61,19],"class_list":["post-5801","post","type-post","status-publish","format-standard","has-post-thumbnail","hentry","category-blog","tag-noticia","tag-plumazos","tag-politica","tag-regional"],"aioseo_notices":[],"_links":{"self":[{"href":"https:\/\/plumanegranoticias.com\/index.php?rest_route=\/wp\/v2\/posts\/5801","targetHints":{"allow":["GET"]}}],"collection":[{"href":"https:\/\/plumanegranoticias.com\/index.php?rest_route=\/wp\/v2\/posts"}],"about":[{"href":"https:\/\/plumanegranoticias.com\/index.php?rest_route=\/wp\/v2\/types\/post"}],"author":[{"embeddable":true,"href":"https:\/\/plumanegranoticias.com\/index.php?rest_route=\/wp\/v2\/users\/2"}],"replies":[{"embeddable":true,"href":"https:\/\/plumanegranoticias.com\/index.php?rest_route=%2Fwp%2Fv2%2Fcomments&post=5801"}],"version-history":[{"count":1,"href":"https:\/\/plumanegranoticias.com\/index.php?rest_route=\/wp\/v2\/posts\/5801\/revisions"}],"predecessor-version":[{"id":5802,"href":"https:\/\/plumanegranoticias.com\/index.php?rest_route=\/wp\/v2\/posts\/5801\/revisions\/5802"}],"wp:featuredmedia":[{"embeddable":true,"href":"https:\/\/plumanegranoticias.com\/index.php?rest_route=\/wp\/v2\/media\/5803"}],"wp:attachment":[{"href":"https:\/\/plumanegranoticias.com\/index.php?rest_route=%2Fwp%2Fv2%2Fmedia&parent=5801"}],"wp:term":[{"taxonomy":"category","embeddable":true,"href":"https:\/\/plumanegranoticias.com\/index.php?rest_route=%2Fwp%2Fv2%2Fcategories&post=5801"},{"taxonomy":"post_tag","embeddable":true,"href":"https:\/\/plumanegranoticias.com\/index.php?rest_route=%2Fwp%2Fv2%2Ftags&post=5801"}],"curies":[{"name":"wp","href":"https:\/\/api.w.org\/{rel}","templated":true}]}}