{"id":5806,"date":"2024-10-30T13:51:18","date_gmt":"2024-10-30T19:51:18","guid":{"rendered":"https:\/\/plumanegranoticias.com\/?p=5806"},"modified":"2024-10-30T13:51:41","modified_gmt":"2024-10-30T19:51:41","slug":"megapuente-escolar-por-dia-de-muertos-para-47-municipios","status":"publish","type":"post","link":"https:\/\/plumanegranoticias.com\/?p=5806","title":{"rendered":"Megapuente escolar por D\u00eda de Muertos para 47 municipios"},"content":{"rendered":"\n<p>El resto s\u00f3lo tendr\u00e1 el d\u00eda viernes<\/p>\n\n\n\n<p>\u00c1ngeles Gonz\u00e1lez Ceballos<br>Xalapa, Ver., El secretario de Educaci\u00f3n de Veracruz, V\u00edctor Vargas Barrientos, precis\u00f3 que habr\u00e1 suspensi\u00f3n laboral el 31 de octubre, 1, 2 y 3 de noviembre en 47 municipios que forman parte de los pueblos originarios.<\/p>\n\n\n\n<p>En tanto que al resto de los municipios s\u00f3lo les dar\u00e1n el d\u00eda viernes 1 de noviembre.<\/p>\n\n\n\n<p>En relaci\u00f3n a las afectaciones por las lluvias, detall\u00f3 que han contabilizado un promedio de 60 planteles escolares, en diferentes municipios del sur, con alg\u00fan tipo de afectaci\u00f3n.<\/p>\n\n\n\n<p>Aclar\u00f3 que alrededor de 10 son las que tienen da\u00f1o en su infraestructura.<\/p>\n\n\n\n<p>Para ello, ya est\u00e1n gestionando ante el gobierno Federal el tema de los seguros catastr\u00f3ficos para la reparaci\u00f3n de la infraestructura escolar y puedan ser reparadas.<\/p>\n\n\n\n<p>&#8220;Afortunadamente fue un exceso de lluvias, no de inundaci\u00f3n en las escuelas. No hubo tormenta que es lo que podr\u00eda haber causado m\u00e1s da\u00f1o&#8221;, asever\u00f3.<\/p>\n\n\n\n<p>Reconoci\u00f3 que de esas, algunas se ubican en las Altas Monta\u00f1as y la Sierra de Zongolica, pero la mayor\u00eda son de Catemaco, San Andr\u00e9s Tuxtla y los municipios del sur de Veracruz.<\/p>\n\n\n\n<p>Refiri\u00f3 que desde hace 15 d\u00edas se han venido suspendiendo las clases con base en los monitoreos que se hacen todos los d\u00edas por parte de la Secretar\u00eda de Protecci\u00f3n Civil del Estado.<\/p>\n\n\n\n<p>Mencion\u00f3 que de los \u00faltimos municipios que permanec\u00edan con suspensi\u00f3n de labores eran Minatitl\u00e1n y Tlacotalpan por el desborde de los r\u00edos Papaloapan y Coatzacoalcos.<\/p>\n\n\n\n<p>Aunque afortunadamente ya han ido bajando los niveles de agua, por lo que poco a poco han ido regresado a sus labores.<\/p>\n\n\n\n<figure class=\"wp-block-image size-large\"><img loading=\"lazy\" decoding=\"async\" width=\"768\" height=\"1024\" src=\"https:\/\/plumanegranoticias.com\/wp-content\/uploads\/2024\/10\/img-20241030-wa01082838290527017671799-768x1024.jpg\" alt=\"\" class=\"wp-image-5804\" srcset=\"https:\/\/plumanegranoticias.com\/wp-content\/uploads\/2024\/10\/img-20241030-wa01082838290527017671799-768x1024.jpg 768w, https:\/\/plumanegranoticias.com\/wp-content\/uploads\/2024\/10\/img-20241030-wa01082838290527017671799-225x300.jpg 225w, https:\/\/plumanegranoticias.com\/wp-content\/uploads\/2024\/10\/img-20241030-wa01082838290527017671799.jpg 1080w\" sizes=\"auto, (max-width: 768px) 100vw, 768px\" \/><\/figure>\n\n\n\n<figure class=\"wp-block-image\"><img loading=\"lazy\" decoding=\"async\" width=\"300\" height=\"189\" src=\"https:\/\/plumanegranoticias.com\/wp-content\/uploads\/2024\/10\/img-20241030-wa01073150944865231365803-300x189.jpg\" alt=\"\" class=\"wp-image-5805\" srcset=\"https:\/\/plumanegranoticias.com\/wp-content\/uploads\/2024\/10\/img-20241030-wa01073150944865231365803-300x189.jpg 300w, https:\/\/plumanegranoticias.com\/wp-content\/uploads\/2024\/10\/img-20241030-wa01073150944865231365803-768x484.jpg 768w, https:\/\/plumanegranoticias.com\/wp-content\/uploads\/2024\/10\/img-20241030-wa01073150944865231365803.jpg 881w\" sizes=\"auto, (max-width: 300px) 100vw, 300px\" \/><\/figure>\n","protected":false},"excerpt":{"rendered":"<p>El resto s\u00f3lo tendr\u00e1 el d\u00eda viernes \u00c1ngeles Gonz\u00e1lez CeballosXalapa, Ver., El secretario de Educaci\u00f3n de Veracruz, V\u00edctor Vargas Barrientos, precis\u00f3 que habr\u00e1 suspensi\u00f3n laboral el 31 de octubre, 1, 2 y 3 de noviembre en 47 municipios que forman parte de los pueblos originarios. En tanto que al resto de los municipios s\u00f3lo les&#8230; <\/p>\n<div class=\"clear\"><\/div>\n<p><a href=\"https:\/\/plumanegranoticias.com\/?p=5806\" class=\"excerpt-read-more\">Read More<i class=\"fa fa-caret-right icon-caret-right\"><\/i><\/a><\/p>\n","protected":false},"author":2,"featured_media":5808,"comment_status":"open","ping_status":"open","sticky":false,"template":"","format":"standard","meta":{"om_disable_all_campaigns":false,"_monsterinsights_skip_tracking":false,"_monsterinsights_sitenote_active":false,"_monsterinsights_sitenote_note":"","_monsterinsights_sitenote_category":0,"_uf_show_specific_survey":0,"_uf_disable_surveys":false,"footnotes":""},"categories":[1],"tags":[18,61,19],"class_list":["post-5806","post","type-post","status-publish","format-standard","has-post-thumbnail","hentry","category-blog","tag-noticia","tag-politica","tag-regional"],"aioseo_notices":[],"_links":{"self":[{"href":"https:\/\/plumanegranoticias.com\/index.php?rest_route=\/wp\/v2\/posts\/5806","targetHints":{"allow":["GET"]}}],"collection":[{"href":"https:\/\/plumanegranoticias.com\/index.php?rest_route=\/wp\/v2\/posts"}],"about":[{"href":"https:\/\/plumanegranoticias.com\/index.php?rest_route=\/wp\/v2\/types\/post"}],"author":[{"embeddable":true,"href":"https:\/\/plumanegranoticias.com\/index.php?rest_route=\/wp\/v2\/users\/2"}],"replies":[{"embeddable":true,"href":"https:\/\/plumanegranoticias.com\/index.php?rest_route=%2Fwp%2Fv2%2Fcomments&post=5806"}],"version-history":[{"count":1,"href":"https:\/\/plumanegranoticias.com\/index.php?rest_route=\/wp\/v2\/posts\/5806\/revisions"}],"predecessor-version":[{"id":5807,"href":"https:\/\/plumanegranoticias.com\/index.php?rest_route=\/wp\/v2\/posts\/5806\/revisions\/5807"}],"wp:featuredmedia":[{"embeddable":true,"href":"https:\/\/plumanegranoticias.com\/index.php?rest_route=\/wp\/v2\/media\/5808"}],"wp:attachment":[{"href":"https:\/\/plumanegranoticias.com\/index.php?rest_route=%2Fwp%2Fv2%2Fmedia&parent=5806"}],"wp:term":[{"taxonomy":"category","embeddable":true,"href":"https:\/\/plumanegranoticias.com\/index.php?rest_route=%2Fwp%2Fv2%2Fcategories&post=5806"},{"taxonomy":"post_tag","embeddable":true,"href":"https:\/\/plumanegranoticias.com\/index.php?rest_route=%2Fwp%2Fv2%2Ftags&post=5806"}],"curies":[{"name":"wp","href":"https:\/\/api.w.org\/{rel}","templated":true}]}}