{"id":5820,"date":"2024-10-31T07:34:35","date_gmt":"2024-10-31T13:34:35","guid":{"rendered":"https:\/\/plumanegranoticias.com\/?p=5820"},"modified":"2024-10-31T07:35:06","modified_gmt":"2024-10-31T13:35:06","slug":"regresan-diputacion-pluri-a-elizabeth-morales-por-pt","status":"publish","type":"post","link":"https:\/\/plumanegranoticias.com\/?p=5820","title":{"rendered":"REGRESAN DIPUTACI\u00d3N PLURI A ELIZABETH MORALES POR PT"},"content":{"rendered":"\n<figure class=\"wp-block-image size-large\"><img loading=\"lazy\" decoding=\"async\" width=\"1024\" height=\"575\" src=\"https:\/\/plumanegranoticias.com\/wp-content\/uploads\/2024\/10\/img-20241031-wa00105390544010807969318-1024x575.jpg\" alt=\"\" class=\"wp-image-5818\" srcset=\"https:\/\/plumanegranoticias.com\/wp-content\/uploads\/2024\/10\/img-20241031-wa00105390544010807969318-1024x575.jpg 1024w, https:\/\/plumanegranoticias.com\/wp-content\/uploads\/2024\/10\/img-20241031-wa00105390544010807969318-300x168.jpg 300w, https:\/\/plumanegranoticias.com\/wp-content\/uploads\/2024\/10\/img-20241031-wa00105390544010807969318-768x431.jpg 768w, https:\/\/plumanegranoticias.com\/wp-content\/uploads\/2024\/10\/img-20241031-wa00105390544010807969318.jpg 1080w\" sizes=\"auto, (max-width: 1024px) 100vw, 1024px\" \/><\/figure>\n\n\n\n<figure class=\"wp-block-image\"><img loading=\"lazy\" decoding=\"async\" width=\"1024\" height=\"575\" src=\"https:\/\/plumanegranoticias.com\/wp-content\/uploads\/2024\/10\/img-20241031-wa00125940466364943277562-1024x575.jpg\" alt=\"\" class=\"wp-image-5817\" srcset=\"https:\/\/plumanegranoticias.com\/wp-content\/uploads\/2024\/10\/img-20241031-wa00125940466364943277562-1024x575.jpg 1024w, https:\/\/plumanegranoticias.com\/wp-content\/uploads\/2024\/10\/img-20241031-wa00125940466364943277562-300x168.jpg 300w, https:\/\/plumanegranoticias.com\/wp-content\/uploads\/2024\/10\/img-20241031-wa00125940466364943277562-768x431.jpg 768w, https:\/\/plumanegranoticias.com\/wp-content\/uploads\/2024\/10\/img-20241031-wa00125940466364943277562.jpg 1080w\" sizes=\"auto, (max-width: 1024px) 100vw, 1024px\" \/><\/figure>\n\n\n\n<figure class=\"wp-block-image\"><img loading=\"lazy\" decoding=\"async\" width=\"1024\" height=\"575\" src=\"https:\/\/plumanegranoticias.com\/wp-content\/uploads\/2024\/10\/img-20241031-wa00115420535706659973307-1024x575.jpg\" alt=\"\" class=\"wp-image-5819\" srcset=\"https:\/\/plumanegranoticias.com\/wp-content\/uploads\/2024\/10\/img-20241031-wa00115420535706659973307-1024x575.jpg 1024w, https:\/\/plumanegranoticias.com\/wp-content\/uploads\/2024\/10\/img-20241031-wa00115420535706659973307-300x168.jpg 300w, https:\/\/plumanegranoticias.com\/wp-content\/uploads\/2024\/10\/img-20241031-wa00115420535706659973307-768x431.jpg 768w, https:\/\/plumanegranoticias.com\/wp-content\/uploads\/2024\/10\/img-20241031-wa00115420535706659973307.jpg 1080w\" sizes=\"auto, (max-width: 1024px) 100vw, 1024px\" \/><\/figure>\n\n\n\n<p>Sala Regional Xalapa declara fundados los agravios relativos a la asignaci\u00f3n con alternancia por periodo electivo<\/p>\n\n\n\n<p>\u00c1ngeles Gonz\u00e1lez Ceballos<br \/>Xalapa, Ver.<\/p>\n\n\n\n<p>La Sala Regional Xalapa del Tribunal Electoral del Poder Judicial de la Federaci\u00f3n (TEPJF), modific\u00f3 la sentencia del Tribunal Electoral de Veracruz (TEV) que revoc\u00f3 la diputaci\u00f3n plurinominal a Elizabeth Morales Garc\u00eda, por el Partido del Trabajo.<\/p>\n\n\n\n<p>El \u00f3rgano jurisdiccional dio a conocer que la sentencia fue impugnada por diversas candidaturas a diputaciones locales, as\u00ed como por los partidos pol\u00edticos MORENA, Acci\u00f3n Nacional (PAN), Revolucionario Institucional (PRI) y Movimiento Ciudadano (MC), respectivamente.<\/p>\n\n\n\n<p>Los institutos pol\u00edticos presentaron agravios relativos a las tem\u00e1ticas: a) transferencia de votos, b) proporcionalidad pura, c) afiliaci\u00f3n efectiva, d) acci\u00f3n afirmativa para pueblos y comunidades ind\u00edgenas, e) asignaci\u00f3n con alternancia por periodo electivo y f) elegibilidad por acci\u00f3n penal.<\/p>\n\n\n\n<p>El Pleno de la Sala Regional determin\u00f3 modificar la sentencia impugnada al declarar fundados los agravios relativos a la asignaci\u00f3n con alternancia por periodo electivo, en virtud de que lo decidido por el TEV se apart\u00f3 de lo previsto en el mandato constitucional de paridad de g\u00e9nero.<\/p>\n\n\n\n<p>As\u00ed como al tratamiento que debe darse a ese principio que incluye el mandato de alternancia de g\u00e9nero por periodo electivo, al no ser una regla de compensaci\u00f3n para efectos de la integraci\u00f3n del \u00f3rgano.<\/p>\n\n\n\n<p>En consecuencia, en primer t\u00e9rmino, se dej\u00f3 sin efectos la revocaci\u00f3n realizada por el TEV del acuerdo OPLEV\/CG198\/2024, respecto de los ajustes realizados a las listas de las candidaturas de diputaciones por el principio de representaci\u00f3n proporcional del Partido del Trabajo.<\/p>\n\n\n\n<p>En ese sentido el \u00f3rgano jurisdiccional confirm\u00f3 la asignaci\u00f3n hecha por el OPLE a favor de la f\u00f3rmula de candidaturas por el principio de representaci\u00f3n proporcional postulada por el Partido del Trabajo, integrada por Elizabeth Morales Garc\u00eda y Karla Edith S\u00e1nchez P\u00e9rez, como propietaria y suplente, respectivamente.<\/p>\n\n\n\n<p>De esta manera, la exalcaldesa de Xalapa podr\u00e1 rendir protesta este 5 de noviembre, fecha en la que inicia el nuevo periodo de la nueva Legislatura local.<\/p>\n","protected":false},"excerpt":{"rendered":"<p>Sala Regional Xalapa declara fundados los agravios relativos a la asignaci\u00f3n con alternancia por periodo electivo \u00c1ngeles Gonz\u00e1lez CeballosXalapa, Ver. La Sala Regional Xalapa del Tribunal Electoral del Poder Judicial de la Federaci\u00f3n (TEPJF), modific\u00f3 la sentencia del Tribunal Electoral de Veracruz (TEV) que revoc\u00f3 la diputaci\u00f3n plurinominal a Elizabeth Morales Garc\u00eda, por el Partido&#8230; <\/p>\n<div class=\"clear\"><\/div>\n<p><a href=\"https:\/\/plumanegranoticias.com\/?p=5820\" class=\"excerpt-read-more\">Read More<i class=\"fa fa-caret-right icon-caret-right\"><\/i><\/a><\/p>\n","protected":false},"author":2,"featured_media":5822,"comment_status":"open","ping_status":"open","sticky":false,"template":"","format":"standard","meta":{"om_disable_all_campaigns":false,"_monsterinsights_skip_tracking":false,"_monsterinsights_sitenote_active":false,"_monsterinsights_sitenote_note":"","_monsterinsights_sitenote_category":0,"_uf_show_specific_survey":0,"_uf_disable_surveys":false,"footnotes":""},"categories":[1],"tags":[18,61,19],"class_list":["post-5820","post","type-post","status-publish","format-standard","has-post-thumbnail","hentry","category-blog","tag-noticia","tag-politica","tag-regional"],"aioseo_notices":[],"_links":{"self":[{"href":"https:\/\/plumanegranoticias.com\/index.php?rest_route=\/wp\/v2\/posts\/5820","targetHints":{"allow":["GET"]}}],"collection":[{"href":"https:\/\/plumanegranoticias.com\/index.php?rest_route=\/wp\/v2\/posts"}],"about":[{"href":"https:\/\/plumanegranoticias.com\/index.php?rest_route=\/wp\/v2\/types\/post"}],"author":[{"embeddable":true,"href":"https:\/\/plumanegranoticias.com\/index.php?rest_route=\/wp\/v2\/users\/2"}],"replies":[{"embeddable":true,"href":"https:\/\/plumanegranoticias.com\/index.php?rest_route=%2Fwp%2Fv2%2Fcomments&post=5820"}],"version-history":[{"count":1,"href":"https:\/\/plumanegranoticias.com\/index.php?rest_route=\/wp\/v2\/posts\/5820\/revisions"}],"predecessor-version":[{"id":5821,"href":"https:\/\/plumanegranoticias.com\/index.php?rest_route=\/wp\/v2\/posts\/5820\/revisions\/5821"}],"wp:featuredmedia":[{"embeddable":true,"href":"https:\/\/plumanegranoticias.com\/index.php?rest_route=\/wp\/v2\/media\/5822"}],"wp:attachment":[{"href":"https:\/\/plumanegranoticias.com\/index.php?rest_route=%2Fwp%2Fv2%2Fmedia&parent=5820"}],"wp:term":[{"taxonomy":"category","embeddable":true,"href":"https:\/\/plumanegranoticias.com\/index.php?rest_route=%2Fwp%2Fv2%2Fcategories&post=5820"},{"taxonomy":"post_tag","embeddable":true,"href":"https:\/\/plumanegranoticias.com\/index.php?rest_route=%2Fwp%2Fv2%2Ftags&post=5820"}],"curies":[{"name":"wp","href":"https:\/\/api.w.org\/{rel}","templated":true}]}}