{"id":5828,"date":"2024-10-31T09:45:27","date_gmt":"2024-10-31T15:45:27","guid":{"rendered":"https:\/\/plumanegranoticias.com\/?p=5828"},"modified":"2024-10-31T09:46:01","modified_gmt":"2024-10-31T15:46:01","slug":"detienen-barco-huachicolero-en-alvarado","status":"publish","type":"post","link":"https:\/\/plumanegranoticias.com\/?p=5828","title":{"rendered":"DETIENEN BARCO HUACHICOLERO EN ALVARADO"},"content":{"rendered":"\n<p>FGR OBTIENE VINCULACI\u00d3N A PROCESO PARA UNA PERSONA POR POSESI\u00d3N IL\u00cdCITA DE HIDROCARBURO<\/p>\n\n\n\n<p>La Fiscal\u00eda General de la Rep\u00fablica (FGR), a trav\u00e9s de su Fiscal\u00eda Federal en el Estado de Veracruz, obtuvo vinculaci\u00f3n a proceso en contra de Mario \u201cP\u201d, por su probable responsabilidad en la comisi\u00f3n del delito de Posesi\u00f3n Il\u00edcita de Hidrocarburo.<\/p>\n\n\n\n<p>De acuerdo con el Informe de los elementos de la Guardia Costera pertenecientes a la Tercera Regi\u00f3n Naval, al realizar una inspecci\u00f3n y verificaci\u00f3n aleator\u00f3a de car\u00e1cter administrativo por parte del resguardo mar\u00edtimo federal, en una embarcaci\u00f3n tipo camaronera que se encontraba en las inmediaciones del muelle en el Municipio de Alvarado, detuverion a Mario \u201cP\u201d, luego de encontrar inconsistencias en la libreta de mar.<\/p>\n\n\n\n<p>Dicha detenci\u00f3n ocurri\u00f3 cuando la Guardia Costera detect\u00f3 que el barco antes referido se encontraba abastecido con 44 mil litros de Diesel; sin embargo, las cifras no coincidian con los registros en la libreta de mar y no pudo acreditar la licitud del hidrocarburo la persona detenida.<\/p>\n\n\n\n<p>Por estos hechos, el imputado qued\u00f3 a disposici\u00f3n del Ministerio P\u00fablico Federal (MPF), quien despu\u00e9s de integrar la carpeta de investigaci\u00f3n turn\u00f3 el caso a la autoridad competente de quien obtuvo la vinculaci\u00f3n a proceso y prisi\u00f3n preventiva justificada.<br>Con estas acciones la FGR reafirma el compromiso con la sociedad para la investigaci\u00f3n y persecuci\u00f3n de los delitos en materia federal, por lo que se invita a la ciudadan\u00eda a que denuncie las 24 horas de los 365 d\u00edas del a\u00f1o, de forma presencial o an\u00f3nima, en las instalaciones de la Fiscal\u00eda General de la Rep\u00fablica en el estado de Veracruz, con domicilio en Av. J.B. Lobos n\u00famero 684, Colonia Reserva territorial \u201cEl Coyol\u201d, C.P. 91779, Veracruz, Ver, tel\u00e9fono 2299896300.<\/p>\n\n\n\n<figure class=\"wp-block-image size-large\"><img loading=\"lazy\" decoding=\"async\" width=\"300\" height=\"210\" src=\"https:\/\/plumanegranoticias.com\/wp-content\/uploads\/2024\/10\/img-20241031-wa00231343187964752600849-300x210.jpg\" alt=\"\" class=\"wp-image-5827\" srcset=\"https:\/\/plumanegranoticias.com\/wp-content\/uploads\/2024\/10\/img-20241031-wa00231343187964752600849-300x210.jpg 300w, https:\/\/plumanegranoticias.com\/wp-content\/uploads\/2024\/10\/img-20241031-wa00231343187964752600849.jpg 589w\" sizes=\"auto, (max-width: 300px) 100vw, 300px\" \/><\/figure>\n\n\n\n<figure class=\"wp-block-image\"><img loading=\"lazy\" decoding=\"async\" width=\"300\" height=\"206\" src=\"https:\/\/plumanegranoticias.com\/wp-content\/uploads\/2024\/10\/img-20241031-wa00265691388816225275782-300x206.jpg\" alt=\"\" class=\"wp-image-5825\" srcset=\"https:\/\/plumanegranoticias.com\/wp-content\/uploads\/2024\/10\/img-20241031-wa00265691388816225275782-300x206.jpg 300w, https:\/\/plumanegranoticias.com\/wp-content\/uploads\/2024\/10\/img-20241031-wa00265691388816225275782.jpg 589w\" sizes=\"auto, (max-width: 300px) 100vw, 300px\" \/><\/figure>\n\n\n\n<figure class=\"wp-block-image\"><img loading=\"lazy\" decoding=\"async\" width=\"300\" height=\"211\" src=\"https:\/\/plumanegranoticias.com\/wp-content\/uploads\/2024\/10\/img-20241031-wa0027500816851113521600-300x211.jpg\" alt=\"\" class=\"wp-image-5826\" srcset=\"https:\/\/plumanegranoticias.com\/wp-content\/uploads\/2024\/10\/img-20241031-wa0027500816851113521600-300x211.jpg 300w, https:\/\/plumanegranoticias.com\/wp-content\/uploads\/2024\/10\/img-20241031-wa0027500816851113521600.jpg 589w\" sizes=\"auto, (max-width: 300px) 100vw, 300px\" \/><\/figure>\n","protected":false},"excerpt":{"rendered":"<p>FGR OBTIENE VINCULACI\u00d3N A PROCESO PARA UNA PERSONA POR POSESI\u00d3N IL\u00cdCITA DE HIDROCARBURO La Fiscal\u00eda General de la Rep\u00fablica (FGR), a trav\u00e9s de su Fiscal\u00eda Federal en el Estado de Veracruz, obtuvo vinculaci\u00f3n a proceso en contra de Mario \u201cP\u201d, por su probable responsabilidad en la comisi\u00f3n del delito de Posesi\u00f3n Il\u00edcita de Hidrocarburo. De&#8230; <\/p>\n<div class=\"clear\"><\/div>\n<p><a href=\"https:\/\/plumanegranoticias.com\/?p=5828\" class=\"excerpt-read-more\">Read More<i class=\"fa fa-caret-right icon-caret-right\"><\/i><\/a><\/p>\n","protected":false},"author":2,"featured_media":5830,"comment_status":"open","ping_status":"open","sticky":false,"template":"","format":"standard","meta":{"om_disable_all_campaigns":false,"_monsterinsights_skip_tracking":false,"_monsterinsights_sitenote_active":false,"_monsterinsights_sitenote_note":"","_monsterinsights_sitenote_category":0,"_uf_show_specific_survey":0,"_uf_disable_surveys":false,"footnotes":""},"categories":[1],"tags":[20,22,18],"class_list":["post-5828","post","type-post","status-publish","format-standard","has-post-thumbnail","hentry","category-blog","tag-negocios","tag-nota-roja","tag-noticia"],"aioseo_notices":[],"_links":{"self":[{"href":"https:\/\/plumanegranoticias.com\/index.php?rest_route=\/wp\/v2\/posts\/5828","targetHints":{"allow":["GET"]}}],"collection":[{"href":"https:\/\/plumanegranoticias.com\/index.php?rest_route=\/wp\/v2\/posts"}],"about":[{"href":"https:\/\/plumanegranoticias.com\/index.php?rest_route=\/wp\/v2\/types\/post"}],"author":[{"embeddable":true,"href":"https:\/\/plumanegranoticias.com\/index.php?rest_route=\/wp\/v2\/users\/2"}],"replies":[{"embeddable":true,"href":"https:\/\/plumanegranoticias.com\/index.php?rest_route=%2Fwp%2Fv2%2Fcomments&post=5828"}],"version-history":[{"count":1,"href":"https:\/\/plumanegranoticias.com\/index.php?rest_route=\/wp\/v2\/posts\/5828\/revisions"}],"predecessor-version":[{"id":5829,"href":"https:\/\/plumanegranoticias.com\/index.php?rest_route=\/wp\/v2\/posts\/5828\/revisions\/5829"}],"wp:featuredmedia":[{"embeddable":true,"href":"https:\/\/plumanegranoticias.com\/index.php?rest_route=\/wp\/v2\/media\/5830"}],"wp:attachment":[{"href":"https:\/\/plumanegranoticias.com\/index.php?rest_route=%2Fwp%2Fv2%2Fmedia&parent=5828"}],"wp:term":[{"taxonomy":"category","embeddable":true,"href":"https:\/\/plumanegranoticias.com\/index.php?rest_route=%2Fwp%2Fv2%2Fcategories&post=5828"},{"taxonomy":"post_tag","embeddable":true,"href":"https:\/\/plumanegranoticias.com\/index.php?rest_route=%2Fwp%2Fv2%2Ftags&post=5828"}],"curies":[{"name":"wp","href":"https:\/\/api.w.org\/{rel}","templated":true}]}}