{"id":5836,"date":"2024-10-31T10:49:23","date_gmt":"2024-10-31T16:49:23","guid":{"rendered":"https:\/\/plumanegranoticias.com\/?p=5836"},"modified":"2024-10-31T10:50:09","modified_gmt":"2024-10-31T16:50:09","slug":"impugnara-vicente-aguilar-decision-de-sala-regional","status":"publish","type":"post","link":"https:\/\/plumanegranoticias.com\/?p=5836","title":{"rendered":"Impugnar\u00e1 Vicente Aguilar decisi\u00f3n de Sala Regional"},"content":{"rendered":"\n<p>Insiste en que le corresponde la plurinominal que le dieron a Elizabeth Morales Garc\u00eda por alternancia de g\u00e9nero<\/p>\n\n\n\n<p>\u00c1ngeles Gonz\u00e1lez Ceballos<br>Xalapa, Ver.El coordinador ejecutivo del Partido del Trabajo, Vicente Aguilar Aguilar, dio a conocer que impugnar\u00e1 el fallo de la Sala Regional del Tribunal Electoral del Poder Judicial de la Federaci\u00f3n, que devolvi\u00f3 la diputaci\u00f3n plurinominal a Elizabeth Morales Garc\u00eda.<\/p>\n\n\n\n<p>En entrevista, adelant\u00f3 que impugnar\u00e1 ante la Sala Superior de dicho \u00f3rgano jurisdiccional para que sea a \u00e9l a quien se le asigne la curul.<\/p>\n\n\n\n<p>&#8220;S\u00ed, voy impugnar. Siempre he manifestado que somos respetuosos de las instancias, la Sala Superior es la que va a determinar&#8221;, indic\u00f3.<\/p>\n\n\n\n<p>El l\u00edder petista manifest\u00f3 que el \u00f3rgano jurisdiccional deber\u00e1 resolver antes del 5 de noviembre, fecha en la que inicia los trabajos la pr\u00f3xima Legislatura local.<\/p>\n\n\n\n<p>El l\u00edder del Partido del Trabajo iba en la posici\u00f3n n\u00famero uno en la lista de las diputaciones plurinominales.<\/p>\n\n\n\n<figure class=\"wp-block-image size-large\"><img loading=\"lazy\" decoding=\"async\" width=\"1024\" height=\"768\" src=\"https:\/\/plumanegranoticias.com\/wp-content\/uploads\/2024\/10\/img-20241031-wa00439035467652886109161-1024x768.jpg\" alt=\"\" class=\"wp-image-5835\" srcset=\"https:\/\/plumanegranoticias.com\/wp-content\/uploads\/2024\/10\/img-20241031-wa00439035467652886109161-1024x768.jpg 1024w, https:\/\/plumanegranoticias.com\/wp-content\/uploads\/2024\/10\/img-20241031-wa00439035467652886109161-300x225.jpg 300w, https:\/\/plumanegranoticias.com\/wp-content\/uploads\/2024\/10\/img-20241031-wa00439035467652886109161-768x576.jpg 768w, https:\/\/plumanegranoticias.com\/wp-content\/uploads\/2024\/10\/img-20241031-wa00439035467652886109161-1536x1152.jpg 1536w, https:\/\/plumanegranoticias.com\/wp-content\/uploads\/2024\/10\/img-20241031-wa00439035467652886109161-400x300.jpg 400w, https:\/\/plumanegranoticias.com\/wp-content\/uploads\/2024\/10\/img-20241031-wa00439035467652886109161.jpg 1600w\" sizes=\"auto, (max-width: 1024px) 100vw, 1024px\" \/><\/figure>\n","protected":false},"excerpt":{"rendered":"<p>Insiste en que le corresponde la plurinominal que le dieron a Elizabeth Morales Garc\u00eda por alternancia de g\u00e9nero \u00c1ngeles Gonz\u00e1lez CeballosXalapa, Ver.El coordinador ejecutivo del Partido del Trabajo, Vicente Aguilar Aguilar, dio a conocer que impugnar\u00e1 el fallo de la Sala Regional del Tribunal Electoral del Poder Judicial de la Federaci\u00f3n, que devolvi\u00f3 la diputaci\u00f3n&#8230; <\/p>\n<div class=\"clear\"><\/div>\n<p><a href=\"https:\/\/plumanegranoticias.com\/?p=5836\" class=\"excerpt-read-more\">Read More<i class=\"fa fa-caret-right icon-caret-right\"><\/i><\/a><\/p>\n","protected":false},"author":2,"featured_media":5838,"comment_status":"open","ping_status":"open","sticky":false,"template":"","format":"standard","meta":{"om_disable_all_campaigns":false,"_monsterinsights_skip_tracking":false,"_monsterinsights_sitenote_active":false,"_monsterinsights_sitenote_note":"","_monsterinsights_sitenote_category":0,"_uf_show_specific_survey":0,"_uf_disable_surveys":false,"footnotes":""},"categories":[1],"tags":[61,19],"class_list":["post-5836","post","type-post","status-publish","format-standard","has-post-thumbnail","hentry","category-blog","tag-politica","tag-regional"],"aioseo_notices":[],"_links":{"self":[{"href":"https:\/\/plumanegranoticias.com\/index.php?rest_route=\/wp\/v2\/posts\/5836","targetHints":{"allow":["GET"]}}],"collection":[{"href":"https:\/\/plumanegranoticias.com\/index.php?rest_route=\/wp\/v2\/posts"}],"about":[{"href":"https:\/\/plumanegranoticias.com\/index.php?rest_route=\/wp\/v2\/types\/post"}],"author":[{"embeddable":true,"href":"https:\/\/plumanegranoticias.com\/index.php?rest_route=\/wp\/v2\/users\/2"}],"replies":[{"embeddable":true,"href":"https:\/\/plumanegranoticias.com\/index.php?rest_route=%2Fwp%2Fv2%2Fcomments&post=5836"}],"version-history":[{"count":1,"href":"https:\/\/plumanegranoticias.com\/index.php?rest_route=\/wp\/v2\/posts\/5836\/revisions"}],"predecessor-version":[{"id":5837,"href":"https:\/\/plumanegranoticias.com\/index.php?rest_route=\/wp\/v2\/posts\/5836\/revisions\/5837"}],"wp:featuredmedia":[{"embeddable":true,"href":"https:\/\/plumanegranoticias.com\/index.php?rest_route=\/wp\/v2\/media\/5838"}],"wp:attachment":[{"href":"https:\/\/plumanegranoticias.com\/index.php?rest_route=%2Fwp%2Fv2%2Fmedia&parent=5836"}],"wp:term":[{"taxonomy":"category","embeddable":true,"href":"https:\/\/plumanegranoticias.com\/index.php?rest_route=%2Fwp%2Fv2%2Fcategories&post=5836"},{"taxonomy":"post_tag","embeddable":true,"href":"https:\/\/plumanegranoticias.com\/index.php?rest_route=%2Fwp%2Fv2%2Ftags&post=5836"}],"curies":[{"name":"wp","href":"https:\/\/api.w.org\/{rel}","templated":true}]}}