{"id":5869,"date":"2024-11-04T09:28:49","date_gmt":"2024-11-04T15:28:49","guid":{"rendered":"https:\/\/plumanegranoticias.com\/?p=5869"},"modified":"2024-11-04T09:29:27","modified_gmt":"2024-11-04T15:29:27","slug":"punto-de-quiebre-opinion-pluma-negra","status":"publish","type":"post","link":"https:\/\/plumanegranoticias.com\/?p=5869","title":{"rendered":"Punto de Quiebre\/Opini\u00f3n\/Pluma Negra"},"content":{"rendered":"\n<p>PLUMA NEGRA&nbsp;<\/p>\n\n\n\n<p>Ignacio Alvarez&nbsp;<\/p>\n\n\n\n<p>Punto de Quiebre&nbsp;<\/p>\n\n\n\n<p>En cuesti\u00f3n de horas se realiza la salida de los diputados de la LXVI Legislatura de Veracruz y entra el Congreso Local que se responsabiliza del cambio de Poder Ejecutivo en la secuencia de la cuarta transformaci\u00f3n, con el ingrediente at\u00edpico en la historia de Veracruz y que es, la presencia de una mujer como titular del Ejecutivo, Roc\u00edo Nahle Garc\u00eda.<\/p>\n\n\n\n<p>Si bien la LXVII Legislatura de Veracruz, tiene la caracter\u00edstica de una mayor\u00eda aplastante del partido en el poder, de ese tama\u00f1o es su responsabilidad para el proceso de cambio de gobierno y del propio Poder Legislativo en el estado de Veracruz.<\/p>\n\n\n\n<p>Los nuevos 50 diputados locales y en especial los 30 de Morena, los seis del Partido Verde y los cinco del PT como aliados de la Cuarta Transformaci\u00f3n, tiene sobre ellos el peso pol\u00edtico y social de no caer en tentaciones extremas, por la simple fuerza de los votos y en el clima federal de la Supremac\u00eda Constitucional, que privilegia el gobierno desde la voluntad popular.<\/p>\n\n\n\n<p>La oposici\u00f3n con sus nueve legisladores; cinco del PAN, dos de MC y dos del PRI, no tendr\u00e1 capacidad de contenci\u00f3n, ni siquiera del equilibrio legislativo, su oportunidad se reducir\u00e1 al valor de la cr\u00edtica y el uso de la tribuna para conservar sus observaciones que ning\u00fan efecto tendr\u00e1 en las votaciones del Pleno del Congreso.<\/p>\n\n\n\n<p>Y es que la tarea del Legislativo es, legislar s\u00ed, pero tambi\u00e9n la fiscalizaci\u00f3n y revisi\u00f3n del manejo de los recursos p\u00fablicos, un tema de fondo que se refleja en las auditor\u00edas anuales del \u00d3rgano de Fiscalizaci\u00f3n Superior; de la cuenta p\u00fablica 2023 por ejemplo, el gobierno del estado fue observado en el ejercicio de unos 400 millones de pesos y de mis ayuntamientos ya ni se diga, la gran mayor\u00eda de los gobiernos municipales tienen cuentas pendientes.<\/p>\n\n\n\n<p>As\u00ed que los nuevos diputados desde sus facultades constitucionales tienen mucho trabajo que empieza en este mes de noviembre con la comparecencias del gabinete actual y los titulares de los organismos aut\u00f3nomos, que tendr\u00e1n que desfilar ante los diputados para explicar y transparentar el uso de los recursos p\u00fablicos en el \u00faltimo a\u00f1o de gobierno.<\/p>\n\n\n\n<p>Y la fiscalizaci\u00f3n de los recursos no solo incluye al Poder Ejecutivo, sino tambi\u00e9n al Judicial y al propio Legislativo, as\u00ed que el nuevo l\u00edder del Palacio Legislativo de Veracruz, Esteban Bautista tiene una gran tarea desde la Junta de Coordinaci\u00f3n Pol\u00edtica que tiene su primera sesi\u00f3n ma\u00f1ana martes por la ma\u00f1ana.<\/p>\n\n\n\n<figure class=\"wp-block-image size-large\"><img loading=\"lazy\" decoding=\"async\" width=\"300\" height=\"194\" src=\"https:\/\/plumanegranoticias.com\/wp-content\/uploads\/2024\/11\/fb_img_17289178156054071850446015851682-300x194.jpg\" alt=\"\" class=\"wp-image-5868\" srcset=\"https:\/\/plumanegranoticias.com\/wp-content\/uploads\/2024\/11\/fb_img_17289178156054071850446015851682-300x194.jpg 300w, https:\/\/plumanegranoticias.com\/wp-content\/uploads\/2024\/11\/fb_img_17289178156054071850446015851682.jpg 720w\" sizes=\"auto, (max-width: 300px) 100vw, 300px\" \/><\/figure>\n","protected":false},"excerpt":{"rendered":"<p>PLUMA NEGRA&nbsp; Ignacio Alvarez&nbsp; Punto de Quiebre&nbsp; En cuesti\u00f3n de horas se realiza la salida de los diputados de la LXVI Legislatura de Veracruz y entra el Congreso Local que se responsabiliza del cambio de Poder Ejecutivo en la secuencia de la cuarta transformaci\u00f3n, con el ingrediente at\u00edpico en la historia de Veracruz y que&#8230; <\/p>\n<div class=\"clear\"><\/div>\n<p><a href=\"https:\/\/plumanegranoticias.com\/?p=5869\" class=\"excerpt-read-more\">Read More<i class=\"fa fa-caret-right icon-caret-right\"><\/i><\/a><\/p>\n","protected":false},"author":2,"featured_media":5871,"comment_status":"open","ping_status":"open","sticky":false,"template":"","format":"standard","meta":{"om_disable_all_campaigns":false,"_monsterinsights_skip_tracking":false,"_monsterinsights_sitenote_active":false,"_monsterinsights_sitenote_note":"","_monsterinsights_sitenote_category":0,"_uf_show_specific_survey":0,"_uf_disable_surveys":false,"footnotes":""},"categories":[1],"tags":[37,20,18,30],"class_list":["post-5869","post","type-post","status-publish","format-standard","has-post-thumbnail","hentry","category-blog","tag-editorial","tag-negocios","tag-noticia","tag-plumazos"],"aioseo_notices":[],"_links":{"self":[{"href":"https:\/\/plumanegranoticias.com\/index.php?rest_route=\/wp\/v2\/posts\/5869","targetHints":{"allow":["GET"]}}],"collection":[{"href":"https:\/\/plumanegranoticias.com\/index.php?rest_route=\/wp\/v2\/posts"}],"about":[{"href":"https:\/\/plumanegranoticias.com\/index.php?rest_route=\/wp\/v2\/types\/post"}],"author":[{"embeddable":true,"href":"https:\/\/plumanegranoticias.com\/index.php?rest_route=\/wp\/v2\/users\/2"}],"replies":[{"embeddable":true,"href":"https:\/\/plumanegranoticias.com\/index.php?rest_route=%2Fwp%2Fv2%2Fcomments&post=5869"}],"version-history":[{"count":1,"href":"https:\/\/plumanegranoticias.com\/index.php?rest_route=\/wp\/v2\/posts\/5869\/revisions"}],"predecessor-version":[{"id":5870,"href":"https:\/\/plumanegranoticias.com\/index.php?rest_route=\/wp\/v2\/posts\/5869\/revisions\/5870"}],"wp:featuredmedia":[{"embeddable":true,"href":"https:\/\/plumanegranoticias.com\/index.php?rest_route=\/wp\/v2\/media\/5871"}],"wp:attachment":[{"href":"https:\/\/plumanegranoticias.com\/index.php?rest_route=%2Fwp%2Fv2%2Fmedia&parent=5869"}],"wp:term":[{"taxonomy":"category","embeddable":true,"href":"https:\/\/plumanegranoticias.com\/index.php?rest_route=%2Fwp%2Fv2%2Fcategories&post=5869"},{"taxonomy":"post_tag","embeddable":true,"href":"https:\/\/plumanegranoticias.com\/index.php?rest_route=%2Fwp%2Fv2%2Ftags&post=5869"}],"curies":[{"name":"wp","href":"https:\/\/api.w.org\/{rel}","templated":true}]}}