{"id":5873,"date":"2024-11-04T12:02:58","date_gmt":"2024-11-04T18:02:58","guid":{"rendered":"https:\/\/plumanegranoticias.com\/?p=5873"},"modified":"2024-11-04T12:06:43","modified_gmt":"2024-11-04T18:06:43","slug":"cuitlahuac-debe-agilizar-desastre-en-cumbres-de-maltrata-no-le-vaya-a-pasar-lo-que-a-los-reyes-de-espana","status":"publish","type":"post","link":"https:\/\/plumanegranoticias.com\/?p=5873","title":{"rendered":"Cuitl\u00e1huac debe agilizar desastre en Cumbres de Maltrata, no le vaya a pasar lo que a los reyes de Espa\u00f1a"},"content":{"rendered":"\n<p>\u00c1ngeles Gonz\u00e1lez Ceballos<br>Xalapa, Ver., El senador de Morena, Manuel Huerta Ladr\u00f3n de Guevara, opin\u00f3 que el gobernador Cuitl\u00e1huac Garc\u00eda Jim\u00e9nez debe agilizar los trabajos de remoci\u00f3n del talud de tierra que sepult\u00f3 al menos seis camiones de carga en Las Cumbres de Maltrata, no le vaya a pasar lo que a los reyes de Espa\u00f1a.<\/p>\n\n\n\n<figure class=\"wp-block-image size-large\"><img loading=\"lazy\" decoding=\"async\" width=\"300\" height=\"249\" src=\"https:\/\/plumanegranoticias.com\/wp-content\/uploads\/2024\/11\/img-20241104-wa00876240654535665500900-300x249.jpg\" alt=\"\" class=\"wp-image-5872\" srcset=\"https:\/\/plumanegranoticias.com\/wp-content\/uploads\/2024\/11\/img-20241104-wa00876240654535665500900-300x249.jpg 300w, https:\/\/plumanegranoticias.com\/wp-content\/uploads\/2024\/11\/img-20241104-wa00876240654535665500900-768x637.jpg 768w, https:\/\/plumanegranoticias.com\/wp-content\/uploads\/2024\/11\/img-20241104-wa00876240654535665500900.jpg 908w\" sizes=\"auto, (max-width: 300px) 100vw, 300px\" \/><\/figure>\n\n\n\n<p>Y es que el derrumbe ocurri\u00f3 desde el pasado 26 de octubre, por lo que la carretera Puebla-Veracruz 150D qued\u00f3 totalmente bloqueada y todo ese tr\u00e1nsito vehicular se traslad\u00f3 hacia la 140 Xalapa-Veracruz.<\/p>\n\n\n\n<p>Es por ello que diversos presidentes de c\u00e1maras empresariales han hecho llamados a las autoridades para que apresuren la apertura de la v\u00eda de comunicaci\u00f3n.<\/p>\n\n\n\n<p>&#8220;Yo creo que tienen que acelerarse los trabajos\u2026 y lo he dicho, tengo meses diciendo que las carreteras son un desastre, entre otras cosas.<\/p>\n\n\n\n<p>Necesitamos una acci\u00f3n de gobierno que se hace sentir, no les vaya a pasar lo del rey de Espa\u00f1a&#8221;, expres\u00f3.<\/p>\n\n\n\n<p>Y es que hay que decir que los reyes de Espa\u00f1a acudieron a la zona de desastre en Valencia, pero la poblaci\u00f3n los recibi\u00f3 con lodo e insultos.<\/p>\n\n\n\n<p>En otro tema, espera que la nueva dirigencia nacional del Morena no permita que los gobernadores designen a los dirigentes estatales de su partido.<\/p>\n\n\n\n<p>En conferencia de prensa para anunciar la asamblea informativa a la que acudir\u00e1n Andr\u00e9s L\u00f3pez Beltr\u00e1n y Luisa Mar\u00eda Alcalde, el pr\u00f3ximo 9 de noviembre en Veracruz, refiri\u00f3 que el secretario de Organizaci\u00f3n defini\u00f3 que debe haber una separaci\u00f3n entre el Partido y el Gobierno.<\/p>\n\n\n\n<p>&#8220;Andy fue muy claro en la idea de separar al Gobierno del Partido. Esto que fue una tendencia en un momento preocupante, donde inclusive algunos dirigentes parec\u00edan m\u00e1s empleados del Gobernador en turno que dirigentes del Partido.<\/p>\n\n\n\n<p>Nuestra esencia es de cuestiones distintas. Hemos luchado porque no se empriiste (alusivo al PRI), que no cometamos ese error, ese exceso&#8221;, manifest\u00f3.<\/p>\n\n\n\n<p>El expresidente del Morena en Veracruz, manifest\u00f3 que el esp\u00edritu democr\u00e1tico debe regresar a su esencia y romper con esa tendencia y que pudieron haber lastimado al Partido.<\/p>\n\n\n\n<p>Huerta Ladr\u00f3n de Guevara dijo que ha habido distintas ocasiones en que los dirigentes del Morena pierden calidad pol\u00edtica moral por no tener una voz propia y representar los intereses del pueblo.<\/p>\n\n\n\n<p>&#8220;Es m\u00e1s ya ni voz tienen, nunca se les lee, nunca se les escucha nada m\u00e1s que para ser instrumento de las consignas del gobernador en turno, que era lo que ocurr\u00eda en el viejo PRI&#8221;, critic\u00f3.<\/p>\n\n\n\n<p>Acus\u00f3 que la propia militancia veracruzana es la que se queja de este tipo de cosas, por lo que la visita de los nuevos dirigentes nacionales de Morena fortalecer\u00e1 la democracia.<\/p>\n","protected":false},"excerpt":{"rendered":"<p>\u00c1ngeles Gonz\u00e1lez CeballosXalapa, Ver., El senador de Morena, Manuel Huerta Ladr\u00f3n de Guevara, opin\u00f3 que el gobernador Cuitl\u00e1huac Garc\u00eda Jim\u00e9nez debe agilizar los trabajos de remoci\u00f3n del talud de tierra que sepult\u00f3 al menos seis camiones de carga en Las Cumbres de Maltrata, no le vaya a pasar lo que a los reyes de Espa\u00f1a&#8230;. <\/p>\n<div class=\"clear\"><\/div>\n<p><a href=\"https:\/\/plumanegranoticias.com\/?p=5873\" class=\"excerpt-read-more\">Read More<i class=\"fa fa-caret-right icon-caret-right\"><\/i><\/a><\/p>\n","protected":false},"author":2,"featured_media":5884,"comment_status":"open","ping_status":"open","sticky":false,"template":"","format":"standard","meta":{"om_disable_all_campaigns":false,"_monsterinsights_skip_tracking":false,"_monsterinsights_sitenote_active":false,"_monsterinsights_sitenote_note":"","_monsterinsights_sitenote_category":0,"_uf_show_specific_survey":0,"_uf_disable_surveys":false,"footnotes":""},"categories":[1],"tags":[18,30],"class_list":["post-5873","post","type-post","status-publish","format-standard","has-post-thumbnail","hentry","category-blog","tag-noticia","tag-plumazos"],"aioseo_notices":[],"_links":{"self":[{"href":"https:\/\/plumanegranoticias.com\/index.php?rest_route=\/wp\/v2\/posts\/5873","targetHints":{"allow":["GET"]}}],"collection":[{"href":"https:\/\/plumanegranoticias.com\/index.php?rest_route=\/wp\/v2\/posts"}],"about":[{"href":"https:\/\/plumanegranoticias.com\/index.php?rest_route=\/wp\/v2\/types\/post"}],"author":[{"embeddable":true,"href":"https:\/\/plumanegranoticias.com\/index.php?rest_route=\/wp\/v2\/users\/2"}],"replies":[{"embeddable":true,"href":"https:\/\/plumanegranoticias.com\/index.php?rest_route=%2Fwp%2Fv2%2Fcomments&post=5873"}],"version-history":[{"count":1,"href":"https:\/\/plumanegranoticias.com\/index.php?rest_route=\/wp\/v2\/posts\/5873\/revisions"}],"predecessor-version":[{"id":5874,"href":"https:\/\/plumanegranoticias.com\/index.php?rest_route=\/wp\/v2\/posts\/5873\/revisions\/5874"}],"wp:featuredmedia":[{"embeddable":true,"href":"https:\/\/plumanegranoticias.com\/index.php?rest_route=\/wp\/v2\/media\/5884"}],"wp:attachment":[{"href":"https:\/\/plumanegranoticias.com\/index.php?rest_route=%2Fwp%2Fv2%2Fmedia&parent=5873"}],"wp:term":[{"taxonomy":"category","embeddable":true,"href":"https:\/\/plumanegranoticias.com\/index.php?rest_route=%2Fwp%2Fv2%2Fcategories&post=5873"},{"taxonomy":"post_tag","embeddable":true,"href":"https:\/\/plumanegranoticias.com\/index.php?rest_route=%2Fwp%2Fv2%2Ftags&post=5873"}],"curies":[{"name":"wp","href":"https:\/\/api.w.org\/{rel}","templated":true}]}}