{"id":5963,"date":"2024-11-08T09:55:29","date_gmt":"2024-11-08T15:55:29","guid":{"rendered":"https:\/\/plumanegranoticias.com\/?p=5963"},"modified":"2024-11-08T09:56:25","modified_gmt":"2024-11-08T15:56:25","slug":"el-fin-de-la-humanidad-ahi-viene-el-cambio-climatico","status":"publish","type":"post","link":"https:\/\/plumanegranoticias.com\/?p=5963","title":{"rendered":"\u00bfEl fin de la humanidad?&#8230; \u00a1Ah\u00ed viene el Cambio Clim\u00e1tico!"},"content":{"rendered":"\n<p>Tal\u00eda Moreno Zulueta\/Articulista\/Acad\u00e9mica <\/p>\n\n\n\n<p>Si hici\u00e9ramos un conteo de cu\u00e1ntas noticias y programas al d\u00eda nos muestran una tragedia de \u00edndole natural, perder\u00edamos la cabeza tratando de explicar&nbsp; de d\u00f3nde salen tantos fen\u00f3menos que, como bien dir\u00edan los abuelos \u201cen mis tiempos eso no pasaba\u201d. La cuesti\u00f3n medi\u00e1tica y la abundancia de medio de comunicaci\u00f3n, formal e informal ha hecho que constantemente encontremos indicios sobre su incremento, en donde nos muestran diferentes caras del mismo hecho; algunos con un rigor m\u00e1s cient\u00edficos y otros tantos m\u00e1s sensacionalistas, lo que sin lugar a dudas nos genera una preocupaci\u00f3n que claramente, no es para menos. El t\u00f3pico m\u00e1s recurrente es el Cambio clim\u00e1tico, aqu\u00e9l que muchas veces es homologado con el calentamiento global y que si bien tiene una relaci\u00f3n, no es lo mismo, pues \u00e9ste \u00faltimo es una de las tantas consecuencias del primero y dicho sea de paso, a veces, m\u00e1s bien estamos hablando de variabilidad clim\u00e1tica.<\/p>\n\n\n\n<p>Y es entonces cuando pretendemos dejar de leer y mejor cambiarle de p\u00e1gina, pero, queridos lectores, es de suma importancia que sepamos identificar cada uno de los conceptos para entender lo que est\u00e1 ocurriendo en nuestro Planeta: cuestiones como lo suscitado hace algunos d\u00edas en el Mediterr\u00e1neo espa\u00f1ol, el incremento de fen\u00f3menos hidrometeorol\u00f3gicos como huracanes y lluvias extraordinarias; el desplazamiento y aparici\u00f3n de enfermedades donde antes, nunca hab\u00edan sido vistas, entre otras. Iniciemos diciendo que el Cambio clim\u00e1tico, como tal, es un proceso a\u00f1ejo y com\u00fan, pues a trav\u00e9s de 4,600 millones de a\u00f1os que tiene la Tierra, supondr\u00edamos que cada cierto tiempo geol\u00f3gico ocurren alteraciones no solamente en el clima terrestre, sino en la posici\u00f3n del globo, sus masas continentales e inclusive, su interior. A ra\u00edz de la Revoluci\u00f3n Industrial, en el Siglo XIX se han acelerado todos aqu\u00e9llos procesos que de forma natural se presentan, por tanto, el factor de presi\u00f3n es el ser humano. Lo anterior origina una serie de consecuencias, entre ellas el calentamiento global, presionando los ecosistemas y obstaculizando que el propio tiempo los regenere. Cuando nos referimos a cambios r\u00e1pidos, repentinos y poco estables es tema de la variabilidad clim\u00e1tica, por ejemplo ondas de calor, tormentas invernales y lluvias extremas.<\/p>\n\n\n\n<p>Aunque con una diferencia sutil, el cambio clim\u00e1tico necesita un factor clave para serlo: el tiempo. A trav\u00e9s del estudio de per\u00edodos largos, entre 30 y 50 a\u00f1os\u00a0 se\u00f1alando constancia en los fen\u00f3menos, podremos afirmar entonces, que un \u201cdesastre\u201d es parte del Cambio Clim\u00e1tico. Lo \u00fanico que resta por reflexionar es que sea uno u otro, hoy o en medio siglo, existe la inequ\u00edvoca la necesidad latente de actuar y transformar h\u00e1bitos que ejercen presi\u00f3n sobre nuestro hogar, nuestra Tierra y ponen en riesgo la calidad de vida de las generaciones futuras.<\/p>\n\n\n\n<figure class=\"wp-block-image size-large\"><img loading=\"lazy\" decoding=\"async\" width=\"297\" height=\"300\" src=\"https:\/\/plumanegranoticias.com\/wp-content\/uploads\/2024\/11\/fb_img_17280647853215115423686627325172-297x300.jpg\" alt=\"\" class=\"wp-image-5962\" srcset=\"https:\/\/plumanegranoticias.com\/wp-content\/uploads\/2024\/11\/fb_img_17280647853215115423686627325172-297x300.jpg 297w, https:\/\/plumanegranoticias.com\/wp-content\/uploads\/2024\/11\/fb_img_17280647853215115423686627325172-768x775.jpg 768w, https:\/\/plumanegranoticias.com\/wp-content\/uploads\/2024\/11\/fb_img_17280647853215115423686627325172.jpg 868w\" sizes=\"auto, (max-width: 297px) 100vw, 297px\" \/><\/figure>\n","protected":false},"excerpt":{"rendered":"<p>Tal\u00eda Moreno Zulueta\/Articulista\/Acad\u00e9mica Si hici\u00e9ramos un conteo de cu\u00e1ntas noticias y programas al d\u00eda nos muestran una tragedia de \u00edndole natural, perder\u00edamos la cabeza tratando de explicar&nbsp; de d\u00f3nde salen tantos fen\u00f3menos que, como bien dir\u00edan los abuelos \u201cen mis tiempos eso no pasaba\u201d. La cuesti\u00f3n medi\u00e1tica y la abundancia de medio de comunicaci\u00f3n, formal&#8230; <\/p>\n<div class=\"clear\"><\/div>\n<p><a href=\"https:\/\/plumanegranoticias.com\/?p=5963\" class=\"excerpt-read-more\">Read More<i class=\"fa fa-caret-right icon-caret-right\"><\/i><\/a><\/p>\n","protected":false},"author":2,"featured_media":5965,"comment_status":"open","ping_status":"open","sticky":false,"template":"","format":"standard","meta":{"om_disable_all_campaigns":false,"_monsterinsights_skip_tracking":false,"_monsterinsights_sitenote_active":false,"_monsterinsights_sitenote_note":"","_monsterinsights_sitenote_category":0,"_uf_show_specific_survey":0,"_uf_disable_surveys":false,"footnotes":""},"categories":[1],"tags":[37,28,34],"class_list":["post-5963","post","type-post","status-publish","format-standard","has-post-thumbnail","hentry","category-blog","tag-editorial","tag-nacionales","tag-policiaca"],"aioseo_notices":[],"_links":{"self":[{"href":"https:\/\/plumanegranoticias.com\/index.php?rest_route=\/wp\/v2\/posts\/5963","targetHints":{"allow":["GET"]}}],"collection":[{"href":"https:\/\/plumanegranoticias.com\/index.php?rest_route=\/wp\/v2\/posts"}],"about":[{"href":"https:\/\/plumanegranoticias.com\/index.php?rest_route=\/wp\/v2\/types\/post"}],"author":[{"embeddable":true,"href":"https:\/\/plumanegranoticias.com\/index.php?rest_route=\/wp\/v2\/users\/2"}],"replies":[{"embeddable":true,"href":"https:\/\/plumanegranoticias.com\/index.php?rest_route=%2Fwp%2Fv2%2Fcomments&post=5963"}],"version-history":[{"count":1,"href":"https:\/\/plumanegranoticias.com\/index.php?rest_route=\/wp\/v2\/posts\/5963\/revisions"}],"predecessor-version":[{"id":5964,"href":"https:\/\/plumanegranoticias.com\/index.php?rest_route=\/wp\/v2\/posts\/5963\/revisions\/5964"}],"wp:featuredmedia":[{"embeddable":true,"href":"https:\/\/plumanegranoticias.com\/index.php?rest_route=\/wp\/v2\/media\/5965"}],"wp:attachment":[{"href":"https:\/\/plumanegranoticias.com\/index.php?rest_route=%2Fwp%2Fv2%2Fmedia&parent=5963"}],"wp:term":[{"taxonomy":"category","embeddable":true,"href":"https:\/\/plumanegranoticias.com\/index.php?rest_route=%2Fwp%2Fv2%2Fcategories&post=5963"},{"taxonomy":"post_tag","embeddable":true,"href":"https:\/\/plumanegranoticias.com\/index.php?rest_route=%2Fwp%2Fv2%2Ftags&post=5963"}],"curies":[{"name":"wp","href":"https:\/\/api.w.org\/{rel}","templated":true}]}}