{"id":5967,"date":"2024-11-08T12:54:12","date_gmt":"2024-11-08T18:54:12","guid":{"rendered":"https:\/\/plumanegranoticias.com\/?p=5967"},"modified":"2024-11-08T12:54:42","modified_gmt":"2024-11-08T18:54:42","slug":"disminuye-amenaza-de-huracan-rafael-para-veracruz-spc","status":"publish","type":"post","link":"https:\/\/plumanegranoticias.com\/?p=5967","title":{"rendered":"Disminuye amenaza de hurac\u00e1n &#8220;Rafael&#8221; para Veracruz: SPC"},"content":{"rendered":"\n<p>\u00c1ngeles Gonz\u00e1lez Ceballos<br>Xalapa, Ver., Federico Acevedo Rosas, jefe del departamento de Meteorolog\u00eda de la Secretar\u00eda de Protecci\u00f3n Civil del Estado, defini\u00f3 que la amenaza del hurac\u00e1n &#8220;Rafael&#8221; para Veracruz est\u00e1 disminuyendo.<\/p>\n\n\n\n<p>Indic\u00f3 que se espera que &#8220;Rafael&#8221; se vaya debilitando conforme se vaya moviendo al oeste en las pr\u00f3ximas 24 horas y siga debilit\u00e1ndose.<\/p>\n\n\n\n<p>Aunque aclar\u00f3 que el cicl\u00f3n sigue en el centro del Golfo de M\u00e9xico y pueden pasar muchas cosas.<\/p>\n\n\n\n<p>En conferencia de prensa, afirm\u00f3 que no tendr\u00eda mucha influencia en el Estado.<\/p>\n\n\n\n<p>&#8220;Rafael se est\u00e1 moviendo al oeste a 15 kil\u00f3metros por hora. El Centro Nacional de Huracanes pronostica que Rafael caer\u00e1 por debajo de la fuerza de hurac\u00e1n ma\u00f1ana s\u00e1bado y degenerar\u00e1 a una baja remanente en unos tres a cuatro d\u00edas&#8221;, puntualiz\u00f3.<\/p>\n\n\n\n<p>Agreg\u00f3 que el pr\u00f3ximo mi\u00e9rcoles 13 de noviembre, ser\u00e1 como una baja remanente, a unos 500 kil\u00f3metros al este de Tampico.<\/p>\n\n\n\n<p>A\u00f1adi\u00f3 que en la conurbaci\u00f3n de Veracruz-Boca del R\u00edo, en los siguientes tres d\u00edas habr\u00eda una temperatura de entre los 31 y los 33 grados Celsius, mientras que el \u00edndice de calor podr\u00eda alcanzar los 38 grados Celsius.<\/p>\n\n\n\n<p>Expuso que las rachas de viento podr\u00eda variar si el hurac\u00e1n Rafael se acerca a las costas del Golfo, pero no superar\u00eda los 40 o 50 kil\u00f3metros por hora.<\/p>\n\n\n\n<p>En cuanto al oleaje hasta el d\u00eda de hoy podr\u00eda ser de .5 a 1.0 metros, pero para este s\u00e1bado podr\u00eda ser de 1 a 2 metros y as\u00ed se podr\u00eda mantener hasta el domingo.<\/p>\n\n\n\n<figure class=\"wp-block-image size-large\"><img loading=\"lazy\" decoding=\"async\" width=\"1024\" height=\"526\" src=\"https:\/\/plumanegranoticias.com\/wp-content\/uploads\/2024\/11\/img-20241108-wa01014546406899525694685-1024x526.jpg\" alt=\"\" class=\"wp-image-5966\" srcset=\"https:\/\/plumanegranoticias.com\/wp-content\/uploads\/2024\/11\/img-20241108-wa01014546406899525694685-1024x526.jpg 1024w, https:\/\/plumanegranoticias.com\/wp-content\/uploads\/2024\/11\/img-20241108-wa01014546406899525694685-300x154.jpg 300w, https:\/\/plumanegranoticias.com\/wp-content\/uploads\/2024\/11\/img-20241108-wa01014546406899525694685-768x395.jpg 768w, https:\/\/plumanegranoticias.com\/wp-content\/uploads\/2024\/11\/img-20241108-wa01014546406899525694685.jpg 1080w\" sizes=\"auto, (max-width: 1024px) 100vw, 1024px\" \/><\/figure>\n","protected":false},"excerpt":{"rendered":"<p>\u00c1ngeles Gonz\u00e1lez CeballosXalapa, Ver., Federico Acevedo Rosas, jefe del departamento de Meteorolog\u00eda de la Secretar\u00eda de Protecci\u00f3n Civil del Estado, defini\u00f3 que la amenaza del hurac\u00e1n &#8220;Rafael&#8221; para Veracruz est\u00e1 disminuyendo. Indic\u00f3 que se espera que &#8220;Rafael&#8221; se vaya debilitando conforme se vaya moviendo al oeste en las pr\u00f3ximas 24 horas y siga debilit\u00e1ndose. Aunque&#8230; <\/p>\n<div class=\"clear\"><\/div>\n<p><a href=\"https:\/\/plumanegranoticias.com\/?p=5967\" class=\"excerpt-read-more\">Read More<i class=\"fa fa-caret-right icon-caret-right\"><\/i><\/a><\/p>\n","protected":false},"author":2,"featured_media":5969,"comment_status":"open","ping_status":"open","sticky":false,"template":"","format":"standard","meta":{"om_disable_all_campaigns":false,"_monsterinsights_skip_tracking":false,"_monsterinsights_sitenote_active":false,"_monsterinsights_sitenote_note":"","_monsterinsights_sitenote_category":0,"_uf_show_specific_survey":0,"_uf_disable_surveys":false,"footnotes":""},"categories":[1],"tags":[61,19,31],"class_list":["post-5967","post","type-post","status-publish","format-standard","has-post-thumbnail","hentry","category-blog","tag-politica","tag-regional","tag-reporte-ciudadano"],"aioseo_notices":[],"_links":{"self":[{"href":"https:\/\/plumanegranoticias.com\/index.php?rest_route=\/wp\/v2\/posts\/5967","targetHints":{"allow":["GET"]}}],"collection":[{"href":"https:\/\/plumanegranoticias.com\/index.php?rest_route=\/wp\/v2\/posts"}],"about":[{"href":"https:\/\/plumanegranoticias.com\/index.php?rest_route=\/wp\/v2\/types\/post"}],"author":[{"embeddable":true,"href":"https:\/\/plumanegranoticias.com\/index.php?rest_route=\/wp\/v2\/users\/2"}],"replies":[{"embeddable":true,"href":"https:\/\/plumanegranoticias.com\/index.php?rest_route=%2Fwp%2Fv2%2Fcomments&post=5967"}],"version-history":[{"count":1,"href":"https:\/\/plumanegranoticias.com\/index.php?rest_route=\/wp\/v2\/posts\/5967\/revisions"}],"predecessor-version":[{"id":5968,"href":"https:\/\/plumanegranoticias.com\/index.php?rest_route=\/wp\/v2\/posts\/5967\/revisions\/5968"}],"wp:featuredmedia":[{"embeddable":true,"href":"https:\/\/plumanegranoticias.com\/index.php?rest_route=\/wp\/v2\/media\/5969"}],"wp:attachment":[{"href":"https:\/\/plumanegranoticias.com\/index.php?rest_route=%2Fwp%2Fv2%2Fmedia&parent=5967"}],"wp:term":[{"taxonomy":"category","embeddable":true,"href":"https:\/\/plumanegranoticias.com\/index.php?rest_route=%2Fwp%2Fv2%2Fcategories&post=5967"},{"taxonomy":"post_tag","embeddable":true,"href":"https:\/\/plumanegranoticias.com\/index.php?rest_route=%2Fwp%2Fv2%2Ftags&post=5967"}],"curies":[{"name":"wp","href":"https:\/\/api.w.org\/{rel}","templated":true}]}}