{"id":5973,"date":"2024-11-08T12:57:37","date_gmt":"2024-11-08T18:57:37","guid":{"rendered":"https:\/\/plumanegranoticias.com\/?p=5973"},"modified":"2024-11-08T12:58:08","modified_gmt":"2024-11-08T18:58:08","slug":"alcantarilla-abierta-en-las-bajadas-veracruz","status":"publish","type":"post","link":"https:\/\/plumanegranoticias.com\/?p=5973","title":{"rendered":"ALCANTARILLA ABIERTA EN LAS BAJADAS, VERACRUZ"},"content":{"rendered":"\n<figure class=\"wp-block-image size-large\"><img loading=\"lazy\" decoding=\"async\" width=\"461\" height=\"1024\" src=\"https:\/\/plumanegranoticias.com\/wp-content\/uploads\/2024\/11\/img-20241108-wa00691730440323081834287-461x1024.jpg\" alt=\"\" class=\"wp-image-5972\" srcset=\"https:\/\/plumanegranoticias.com\/wp-content\/uploads\/2024\/11\/img-20241108-wa00691730440323081834287-461x1024.jpg 461w, https:\/\/plumanegranoticias.com\/wp-content\/uploads\/2024\/11\/img-20241108-wa00691730440323081834287-135x300.jpg 135w, https:\/\/plumanegranoticias.com\/wp-content\/uploads\/2024\/11\/img-20241108-wa00691730440323081834287-691x1536.jpg 691w, https:\/\/plumanegranoticias.com\/wp-content\/uploads\/2024\/11\/img-20241108-wa00691730440323081834287.jpg 720w\" sizes=\"auto, (max-width: 461px) 100vw, 461px\" \/><\/figure>\n\n\n\n<figure class=\"wp-block-image\"><img loading=\"lazy\" decoding=\"async\" width=\"1024\" height=\"461\" src=\"https:\/\/plumanegranoticias.com\/wp-content\/uploads\/2024\/11\/img-20241108-wa0067255008492100648331-1024x461.jpg\" alt=\"\" class=\"wp-image-5971\" srcset=\"https:\/\/plumanegranoticias.com\/wp-content\/uploads\/2024\/11\/img-20241108-wa0067255008492100648331-1024x461.jpg 1024w, https:\/\/plumanegranoticias.com\/wp-content\/uploads\/2024\/11\/img-20241108-wa0067255008492100648331-300x135.jpg 300w, https:\/\/plumanegranoticias.com\/wp-content\/uploads\/2024\/11\/img-20241108-wa0067255008492100648331-768x346.jpg 768w, https:\/\/plumanegranoticias.com\/wp-content\/uploads\/2024\/11\/img-20241108-wa0067255008492100648331-1536x691.jpg 1536w, https:\/\/plumanegranoticias.com\/wp-content\/uploads\/2024\/11\/img-20241108-wa0067255008492100648331.jpg 1600w\" sizes=\"auto, (max-width: 1024px) 100vw, 1024px\" \/><\/figure>\n\n\n\n<figure class=\"wp-block-image\"><img loading=\"lazy\" decoding=\"async\" width=\"473\" height=\"1024\" src=\"https:\/\/plumanegranoticias.com\/wp-content\/uploads\/2024\/11\/img-20241108-wa0083570650410182528121-473x1024.jpg\" alt=\"\" class=\"wp-image-5970\" srcset=\"https:\/\/plumanegranoticias.com\/wp-content\/uploads\/2024\/11\/img-20241108-wa0083570650410182528121-473x1024.jpg 473w, https:\/\/plumanegranoticias.com\/wp-content\/uploads\/2024\/11\/img-20241108-wa0083570650410182528121-139x300.jpg 139w, https:\/\/plumanegranoticias.com\/wp-content\/uploads\/2024\/11\/img-20241108-wa0083570650410182528121-709x1536.jpg 709w, https:\/\/plumanegranoticias.com\/wp-content\/uploads\/2024\/11\/img-20241108-wa0083570650410182528121.jpg 739w\" sizes=\"auto, (max-width: 473px) 100vw, 473px\" \/><\/figure>\n\n\n\n<p>Denuncian una alcantarilla sin tapa en la calle \u00darsulo Galv\u00e1n y Ferrocarriles en Las Bajadas de la zona norte del municipio de Veracruz, es un peligro ya que transitan los ni\u00f1os de la primaria\u2026 secundaria y bachillerato. Ya se han ido varios carros y no hacen por taparla<\/p>\n","protected":false},"excerpt":{"rendered":"<p>Denuncian una alcantarilla sin tapa en la calle \u00darsulo Galv\u00e1n y Ferrocarriles en Las Bajadas de la zona norte del municipio de Veracruz, es un peligro ya que transitan los ni\u00f1os de la primaria\u2026 secundaria y bachillerato. Ya se han ido varios carros y no hacen por taparla<\/p>\n","protected":false},"author":2,"featured_media":5975,"comment_status":"open","ping_status":"open","sticky":false,"template":"","format":"standard","meta":{"om_disable_all_campaigns":false,"_monsterinsights_skip_tracking":false,"_monsterinsights_sitenote_active":false,"_monsterinsights_sitenote_note":"","_monsterinsights_sitenote_category":0,"_uf_show_specific_survey":0,"_uf_disable_surveys":false,"footnotes":""},"categories":[1],"tags":[18,31,63],"class_list":["post-5973","post","type-post","status-publish","format-standard","has-post-thumbnail","hentry","category-blog","tag-noticia","tag-reporte-ciudadano","tag-roja"],"aioseo_notices":[],"_links":{"self":[{"href":"https:\/\/plumanegranoticias.com\/index.php?rest_route=\/wp\/v2\/posts\/5973","targetHints":{"allow":["GET"]}}],"collection":[{"href":"https:\/\/plumanegranoticias.com\/index.php?rest_route=\/wp\/v2\/posts"}],"about":[{"href":"https:\/\/plumanegranoticias.com\/index.php?rest_route=\/wp\/v2\/types\/post"}],"author":[{"embeddable":true,"href":"https:\/\/plumanegranoticias.com\/index.php?rest_route=\/wp\/v2\/users\/2"}],"replies":[{"embeddable":true,"href":"https:\/\/plumanegranoticias.com\/index.php?rest_route=%2Fwp%2Fv2%2Fcomments&post=5973"}],"version-history":[{"count":1,"href":"https:\/\/plumanegranoticias.com\/index.php?rest_route=\/wp\/v2\/posts\/5973\/revisions"}],"predecessor-version":[{"id":5974,"href":"https:\/\/plumanegranoticias.com\/index.php?rest_route=\/wp\/v2\/posts\/5973\/revisions\/5974"}],"wp:featuredmedia":[{"embeddable":true,"href":"https:\/\/plumanegranoticias.com\/index.php?rest_route=\/wp\/v2\/media\/5975"}],"wp:attachment":[{"href":"https:\/\/plumanegranoticias.com\/index.php?rest_route=%2Fwp%2Fv2%2Fmedia&parent=5973"}],"wp:term":[{"taxonomy":"category","embeddable":true,"href":"https:\/\/plumanegranoticias.com\/index.php?rest_route=%2Fwp%2Fv2%2Fcategories&post=5973"},{"taxonomy":"post_tag","embeddable":true,"href":"https:\/\/plumanegranoticias.com\/index.php?rest_route=%2Fwp%2Fv2%2Ftags&post=5973"}],"curies":[{"name":"wp","href":"https:\/\/api.w.org\/{rel}","templated":true}]}}