{"id":5977,"date":"2024-11-08T13:00:19","date_gmt":"2024-11-08T19:00:19","guid":{"rendered":"https:\/\/plumanegranoticias.com\/?p=5977"},"modified":"2024-11-08T13:00:43","modified_gmt":"2024-11-08T19:00:43","slug":"puente-dia-de-muertos-no-cumplio-expectativas-en-veracruz-cometur","status":"publish","type":"post","link":"https:\/\/plumanegranoticias.com\/?p=5977","title":{"rendered":"Puente &#8220;D\u00eda de Muertos&#8221; no cumpli\u00f3 expectativas en Veracruz: COMETUR"},"content":{"rendered":"\n<p>Alejandro \u00c1vila<\/p>\n\n\n\n<p>Veracruz, Ver.- El puente por el &#8220;D\u00eda de Muertos&#8221; ha sido el m\u00e1s bajo en los \u00faltimos tres a\u00f1os, mencion\u00f3 el presidente del Consejo Metropolitano de Turismo (COMETUR), Sergio Lois Heredia.<\/p>\n\n\n\n<p>El empresario espera que, tanto en el pr\u00f3ximo puente por la Revoluci\u00f3n Mexicana, as\u00ed como en la temporada alta de diciembre, no se vean afectados como en esta \u00faltima ocasi\u00f3n.<\/p>\n\n\n\n<p>&#8220;Ahorita un buen indicativo de la temporada alta va a ser el fin de semana del puente de la Revoluci\u00f3n que se junta con El Buen Fin, que los \u00faltimos a\u00f1os ha habido una buena afluencia lo que es ese fin de semana, este a\u00f1o tambi\u00e9n esperamos que haya una buena afluencia ese fin de semana, y sobre todo que existe reservaciones para el pr\u00f3ximo a\u00f1o, que a veces el tema durante El Buen Fin con las promociones que se lanzan, se da para que las personas decidan comprar sus viajes durante ese fin de semana&#8221;, expres\u00f3.<\/p>\n\n\n\n<p>Sergio Lois mencion\u00f3 que durante los \u00faltimos a\u00f1os se ha visto un ligero incremento en las reservaciones a largo plazo, aprovechando las ofertas, promociones o descuentos que se ofrecen durante El Buen Fin.<\/p>\n\n\n\n<p>&#8220;La realidad es que al sector hotelero El Buen Fin s\u00ed ayuda a quien ponga sus promociones, a que caigan reservaciones para el pr\u00f3ximo a\u00f1o, pero la realidad es que al menos aqu\u00ed en Veracruz el turismo que nos cae es mexicano y la mayor\u00eda de los mexicanos dejamos todo para lo \u00faltimo, incluyendo los viajes, entonces aqu\u00ed en Veracruz las reservaciones se empiezan a ver para la temporada alta dos semanas antes, para los fines de semana tal vez el mismo d\u00eda o dos d\u00edas antes&#8221;, remat\u00f3.<br \/>[8\/11, 12:25\u202fp.&nbsp;m.] Mostaza \u00c1vila: Aumenta cifra de ni\u00f1os migrantes perdidos o abandonados en Veracruz<\/p>\n\n\n\n<p>Alejandro \u00c1vila<\/p>\n\n\n\n<p>Veracruz, Ver.- El n\u00famero de ni\u00f1os migrantes perdidos o abandonados en la entidad veracruzana ha aumentado durante los \u00faltimos cinco a\u00f1os, mencion\u00f3, Genesis Shalom, de Distinguir O.C.<\/p>\n\n\n\n<p>&#8220;Tenemos una poblaci\u00f3n que se ha mantenido relativamente constante, quiz\u00e1 lo que m\u00e1s hemos tenido es ni\u00f1os en desamparo por el caso de migraci\u00f3n, hemos tenido muchos ni\u00f1os que son ni\u00f1os migrantes, que nos han reportado que se quedan perdidos en la ciudad o que quedan abandonados o que ya no encuentran a sus padres y el DIF los ha tomado para darles ese apoyo ese resguardo son el n\u00famero que m\u00e1s ha incrementado&#8221;, relat\u00f3.<\/p>\n\n\n\n<p>En rueda de prensa dio a conocer que a partir del 9 de noviembre y hasta el d\u00eda 16 de diciembre realizar\u00e1n una colecta en conjunto con otras organizaciones civiles y comercios del Puerto de Veracruz, con lo cual buscan obtener, primordialmente, ropa interior y zapatos para ni\u00f1os de entre los dos y 18 a\u00f1os<\/p>\n\n\n\n<p>Los centros de acopio ser\u00e1n la never\u00eda Yucat\u00e1n en el parque Zamora; Nutribi\u00f3nicos ubicado en la calle Mario Molina y el ubicado en bulevard Manuel \u00c1vila Camacho.<\/p>\n\n\n\n<figure class=\"wp-block-image size-large\"><img loading=\"lazy\" decoding=\"async\" width=\"1024\" height=\"748\" src=\"https:\/\/plumanegranoticias.com\/wp-content\/uploads\/2024\/11\/img-20241108-wa00813819551355494670901-1024x748.jpg\" alt=\"\" class=\"wp-image-5976\" srcset=\"https:\/\/plumanegranoticias.com\/wp-content\/uploads\/2024\/11\/img-20241108-wa00813819551355494670901-1024x748.jpg 1024w, https:\/\/plumanegranoticias.com\/wp-content\/uploads\/2024\/11\/img-20241108-wa00813819551355494670901-300x219.jpg 300w, https:\/\/plumanegranoticias.com\/wp-content\/uploads\/2024\/11\/img-20241108-wa00813819551355494670901-768x561.jpg 768w, https:\/\/plumanegranoticias.com\/wp-content\/uploads\/2024\/11\/img-20241108-wa00813819551355494670901.jpg 1080w\" sizes=\"auto, (max-width: 1024px) 100vw, 1024px\" \/><\/figure>\n","protected":false},"excerpt":{"rendered":"<p>Alejandro \u00c1vila Veracruz, Ver.- El puente por el &#8220;D\u00eda de Muertos&#8221; ha sido el m\u00e1s bajo en los \u00faltimos tres a\u00f1os, mencion\u00f3 el presidente del Consejo Metropolitano de Turismo (COMETUR), Sergio Lois Heredia. El empresario espera que, tanto en el pr\u00f3ximo puente por la Revoluci\u00f3n Mexicana, as\u00ed como en la temporada alta de diciembre, no&#8230; <\/p>\n<div class=\"clear\"><\/div>\n<p><a href=\"https:\/\/plumanegranoticias.com\/?p=5977\" class=\"excerpt-read-more\">Read More<i class=\"fa fa-caret-right icon-caret-right\"><\/i><\/a><\/p>\n","protected":false},"author":2,"featured_media":5979,"comment_status":"open","ping_status":"open","sticky":false,"template":"","format":"standard","meta":{"om_disable_all_campaigns":false,"_monsterinsights_skip_tracking":false,"_monsterinsights_sitenote_active":false,"_monsterinsights_sitenote_note":"","_monsterinsights_sitenote_category":0,"_uf_show_specific_survey":0,"_uf_disable_surveys":false,"footnotes":""},"categories":[1],"tags":[35,36,19],"class_list":["post-5977","post","type-post","status-publish","format-standard","has-post-thumbnail","hentry","category-blog","tag-dinero","tag-musica","tag-regional"],"aioseo_notices":[],"_links":{"self":[{"href":"https:\/\/plumanegranoticias.com\/index.php?rest_route=\/wp\/v2\/posts\/5977","targetHints":{"allow":["GET"]}}],"collection":[{"href":"https:\/\/plumanegranoticias.com\/index.php?rest_route=\/wp\/v2\/posts"}],"about":[{"href":"https:\/\/plumanegranoticias.com\/index.php?rest_route=\/wp\/v2\/types\/post"}],"author":[{"embeddable":true,"href":"https:\/\/plumanegranoticias.com\/index.php?rest_route=\/wp\/v2\/users\/2"}],"replies":[{"embeddable":true,"href":"https:\/\/plumanegranoticias.com\/index.php?rest_route=%2Fwp%2Fv2%2Fcomments&post=5977"}],"version-history":[{"count":1,"href":"https:\/\/plumanegranoticias.com\/index.php?rest_route=\/wp\/v2\/posts\/5977\/revisions"}],"predecessor-version":[{"id":5978,"href":"https:\/\/plumanegranoticias.com\/index.php?rest_route=\/wp\/v2\/posts\/5977\/revisions\/5978"}],"wp:featuredmedia":[{"embeddable":true,"href":"https:\/\/plumanegranoticias.com\/index.php?rest_route=\/wp\/v2\/media\/5979"}],"wp:attachment":[{"href":"https:\/\/plumanegranoticias.com\/index.php?rest_route=%2Fwp%2Fv2%2Fmedia&parent=5977"}],"wp:term":[{"taxonomy":"category","embeddable":true,"href":"https:\/\/plumanegranoticias.com\/index.php?rest_route=%2Fwp%2Fv2%2Fcategories&post=5977"},{"taxonomy":"post_tag","embeddable":true,"href":"https:\/\/plumanegranoticias.com\/index.php?rest_route=%2Fwp%2Fv2%2Ftags&post=5977"}],"curies":[{"name":"wp","href":"https:\/\/api.w.org\/{rel}","templated":true}]}}