{"id":5989,"date":"2024-11-08T14:59:05","date_gmt":"2024-11-08T20:59:05","guid":{"rendered":"https:\/\/plumanegranoticias.com\/?p=5989"},"modified":"2024-11-08T14:59:33","modified_gmt":"2024-11-08T20:59:33","slug":"escala-veracruz-9-lugares-en-captacion-de-turismo-nacional","status":"publish","type":"post","link":"https:\/\/plumanegranoticias.com\/?p=5989","title":{"rendered":"Escala Veracruz 9 lugares en captaci\u00f3n de turismo nacional"},"content":{"rendered":"\n<p>Alejandro \u00c1vila<\/p>\n\n\n\n<p>Boca del R\u00edo, Ver.- El Estado de Veracruz subi\u00f3 nueve puestos en la captaci\u00f3n de turismo nacional, mencion\u00f3 el secretario de Turismo de Veracruz, Iv\u00e1n Francisco Mart\u00ednez Olvera, quien agreg\u00f3 hace 6 a\u00f1os la entidad se encontraba en el lugar n\u00famero 14.<\/p>\n\n\n\n<p>&#8220;S\u00ed, son n\u00fameros muy importantes hace apenas unos 8 a\u00f1os 7 a\u00f1os ocupamos el lugar n\u00famero 14 en captaci\u00f3n de turistas nacionales, hab\u00eda tenido una ca\u00edda muy fuerte Veracruz en el \u00e1mbito tur\u00edstico, recuperamos 9 lugares, estamos en el quinto lugar a nivel nacional en captaci\u00f3n de turismo nacional y avanzamos 14 lugares de los 32 lugares de la rep\u00fablica en captaci\u00f3n de turismo internacional&#8221;, expres\u00f3.<\/p>\n\n\n\n<p>El funcionario estatal mencion\u00f3 que el turismo de sol y playa, seguido del turismo de convenciones y, finalmente, el turismo deportivo son los de mayor afluencia en la entidad veracruzana; siendo la zona conurbada Veracruz &#8211; Boca del R\u00edo, seguido de las Altas Monta\u00f1as y finalmente la Huasteca, los lugares preferidos de los visitantes.<\/p>\n\n\n\n<p>Finalmente, dijo que en cuanto al puente del D\u00eda de Muertos se registraron 300 mil visitantes y una captaci\u00f3n econ\u00f3mica de 500 millones de pesos; si bien hubo menor n\u00famero de visitantes con respecto a otros a\u00f1os hubo una mayor derrama de dinero en la entidad.<\/p>\n\n\n\n<figure class=\"wp-block-image size-large\"><img loading=\"lazy\" decoding=\"async\" width=\"1024\" height=\"768\" src=\"https:\/\/plumanegranoticias.com\/wp-content\/uploads\/2024\/11\/img-20241108-wa01383256205093180059029-1024x768.jpg\" alt=\"\" class=\"wp-image-5987\" srcset=\"https:\/\/plumanegranoticias.com\/wp-content\/uploads\/2024\/11\/img-20241108-wa01383256205093180059029-1024x768.jpg 1024w, https:\/\/plumanegranoticias.com\/wp-content\/uploads\/2024\/11\/img-20241108-wa01383256205093180059029-300x225.jpg 300w, https:\/\/plumanegranoticias.com\/wp-content\/uploads\/2024\/11\/img-20241108-wa01383256205093180059029-768x576.jpg 768w, https:\/\/plumanegranoticias.com\/wp-content\/uploads\/2024\/11\/img-20241108-wa01383256205093180059029-1536x1153.jpg 1536w, https:\/\/plumanegranoticias.com\/wp-content\/uploads\/2024\/11\/img-20241108-wa01383256205093180059029-400x300.jpg 400w, https:\/\/plumanegranoticias.com\/wp-content\/uploads\/2024\/11\/img-20241108-wa01383256205093180059029.jpg 1599w\" sizes=\"auto, (max-width: 1024px) 100vw, 1024px\" \/><\/figure>\n","protected":false},"excerpt":{"rendered":"<p>Alejandro \u00c1vila Boca del R\u00edo, Ver.- El Estado de Veracruz subi\u00f3 nueve puestos en la captaci\u00f3n de turismo nacional, mencion\u00f3 el secretario de Turismo de Veracruz, Iv\u00e1n Francisco Mart\u00ednez Olvera, quien agreg\u00f3 hace 6 a\u00f1os la entidad se encontraba en el lugar n\u00famero 14. &#8220;S\u00ed, son n\u00fameros muy importantes hace apenas unos 8 a\u00f1os 7&#8230; <\/p>\n<div class=\"clear\"><\/div>\n<p><a href=\"https:\/\/plumanegranoticias.com\/?p=5989\" class=\"excerpt-read-more\">Read More<i class=\"fa fa-caret-right icon-caret-right\"><\/i><\/a><\/p>\n","protected":false},"author":2,"featured_media":5988,"comment_status":"open","ping_status":"open","sticky":false,"template":"","format":"standard","meta":{"om_disable_all_campaigns":false,"_monsterinsights_skip_tracking":false,"_monsterinsights_sitenote_active":false,"_monsterinsights_sitenote_note":"","_monsterinsights_sitenote_category":0,"_uf_show_specific_survey":0,"_uf_disable_surveys":false,"footnotes":""},"categories":[1],"tags":[26,21,24],"class_list":["post-5989","post","type-post","status-publish","format-standard","has-post-thumbnail","hentry","category-blog","tag-comida","tag-eventos","tag-moda"],"aioseo_notices":[],"_links":{"self":[{"href":"https:\/\/plumanegranoticias.com\/index.php?rest_route=\/wp\/v2\/posts\/5989","targetHints":{"allow":["GET"]}}],"collection":[{"href":"https:\/\/plumanegranoticias.com\/index.php?rest_route=\/wp\/v2\/posts"}],"about":[{"href":"https:\/\/plumanegranoticias.com\/index.php?rest_route=\/wp\/v2\/types\/post"}],"author":[{"embeddable":true,"href":"https:\/\/plumanegranoticias.com\/index.php?rest_route=\/wp\/v2\/users\/2"}],"replies":[{"embeddable":true,"href":"https:\/\/plumanegranoticias.com\/index.php?rest_route=%2Fwp%2Fv2%2Fcomments&post=5989"}],"version-history":[{"count":1,"href":"https:\/\/plumanegranoticias.com\/index.php?rest_route=\/wp\/v2\/posts\/5989\/revisions"}],"predecessor-version":[{"id":5990,"href":"https:\/\/plumanegranoticias.com\/index.php?rest_route=\/wp\/v2\/posts\/5989\/revisions\/5990"}],"wp:featuredmedia":[{"embeddable":true,"href":"https:\/\/plumanegranoticias.com\/index.php?rest_route=\/wp\/v2\/media\/5988"}],"wp:attachment":[{"href":"https:\/\/plumanegranoticias.com\/index.php?rest_route=%2Fwp%2Fv2%2Fmedia&parent=5989"}],"wp:term":[{"taxonomy":"category","embeddable":true,"href":"https:\/\/plumanegranoticias.com\/index.php?rest_route=%2Fwp%2Fv2%2Fcategories&post=5989"},{"taxonomy":"post_tag","embeddable":true,"href":"https:\/\/plumanegranoticias.com\/index.php?rest_route=%2Fwp%2Fv2%2Ftags&post=5989"}],"curies":[{"name":"wp","href":"https:\/\/api.w.org\/{rel}","templated":true}]}}