{"id":5992,"date":"2024-11-08T16:58:50","date_gmt":"2024-11-08T22:58:50","guid":{"rendered":"https:\/\/plumanegranoticias.com\/?p=5992"},"modified":"2024-11-08T16:59:21","modified_gmt":"2024-11-08T22:59:21","slug":"estara-presidenta-en-toma-de-protesta-de-rocio-nahle","status":"publish","type":"post","link":"https:\/\/plumanegranoticias.com\/?p=5992","title":{"rendered":"ESTARA PRESIDENTA EN TOMA DE PROTESTA DE ROCIO NAHLE\u00a0"},"content":{"rendered":"\n<p>La Presidenta, Claudia Sheinbaum Pardo estar\u00e1 en la Toma de Protesta de la Gobernadora Roc\u00edo Nahle Garc\u00eda el 1 de diciembre en el Palacio Legislativo de Veracruz, como invitada de honor y para ofrecer todo el respaldo a la primera Gobernadora en la historia del estado de Veracruz.<\/p>\n\n\n\n<p>De acuerdo a la informaci\u00f3n que trascendi\u00f3 este viernes, la Agenda Presidencial s\u00ed contempla la asistencia de la Presidenta tras la reuni\u00f3n de este s\u00e1bado en Palacio Nacional entre la nueva Gobernadora y la Presidenta, Sheinbaum y el anuncio del pasado jueves de respaldo total a los proyectos de infraestructura en el Corredor Interoce\u00e1nico y el desarrollo del Puerto de Tuxpan para cabotaje.<\/p>\n\n\n\n<p>El 1 diciembre Rocio Nahle Garc\u00eda se convertir\u00e1 en la primera Gobernadora de Veracruz tras su triunfo contundente en las urnas el pasado mes de junio.<\/p>\n\n\n\n<p>Nahle Garc\u00eda es <a href=\"https:\/\/es.m.wikipedia.org\/wiki\/Ingenier%C3%ADa_qu%C3%ADmica\">ingeniera qu\u00edmica<\/a> de profesi\u00f3n, forma parte del <a href=\"https:\/\/es.m.wikipedia.org\/wiki\/Movimiento_Regeneraci%C3%B3n_Nacional\">Movimiento Regeneraci\u00f3n Nacional<\/a> (Morena), fue electa como diputada federal al <a href=\"https:\/\/es.m.wikipedia.org\/wiki\/Congreso_de_la_Uni%C3%B3n\">Congreso de la Uni\u00f3n<\/a> por el <a href=\"https:\/\/es.m.wikipedia.org\/wiki\/Distrito_electoral_federal_11_de_Veracruz\">Distrito 11 de Veracruz<\/a>, con sede en <a href=\"https:\/\/es.m.wikipedia.org\/wiki\/Coatzacoalcos\">Coatzacoalcos<\/a> de 2015-2018 y coordin\u00f3 el <a href=\"https:\/\/es.m.wikipedia.org\/wiki\/Grupo_Parlamentario\">Grupo Parlamentario<\/a> de su partido en la <a href=\"https:\/\/es.m.wikipedia.org\/wiki\/C%C3%A1mara_de_Diputados_(M%C3%A9xico)\">C\u00e1mara de Diputados<\/a>.&nbsp;<\/p>\n\n\n\n<p>En su historia electoral, obtuvo la senadur\u00eda por Veracruz en primera f\u00f3rmula en el 2018 y fue invitada por el Presidente Andr\u00e9s Manuel L\u00f3pez Obrador para ocupar la Secretar\u00eda de Energ\u00eda de M\u00e9xico en el sexenio pasado; como candidata al Gobierno de Veracruz obtuvo 2.2 millones de votos que la colocaron como la primera mujer en ganar la gubernatura y mantiene amplias expectativas para un gobierno distinto para los veracruzanos.<\/p>\n\n\n\n<p>Con su experiencia Legislativa y en la funci\u00f3n p\u00fablica, Nahle Garc\u00eda mantiene el compromiso de consolidar la Cuarta Transformaci\u00f3n en Veracruz, principalmente en infraestructura de carreteras, puertos y la conexi\u00f3n con el corredor trans\u00edstmico para unir al Golfo de M\u00e9xico con el Pac\u00edfico con un impacto sin precedente para crecimiento econ\u00f3mico del estado de Veracruz.<\/p>\n\n\n\n<p>En el llamado de Tiempo de Mujeres, la Presidenta Claudia Sheinbaum respalda a Roc\u00edo Nahle y reconoce su capacidad demostrada en el Poder Legislativo para alcanzar reformas sustanciales para la la 4T y su desempe\u00f1o en la Secretar\u00eda de Energ\u00eda que consolid\u00f3 proyectos estrat\u00e9gicos para M\u00e9xico.<\/p>\n\n\n\n<p>El reto de Roc\u00edo Nahle es ahora, referencia de gobierno eficiente y tiene el reto de generar el crecimiento y bienestar de 8.6 millones de veracruzanos en temas de bienestar social y econ\u00f3mico, educaci\u00f3n, salud, deporte, seguridad p\u00fablica, impartici\u00f3n de justicia, infraestructura, transparencia y buen gobierno.<\/p>\n\n\n\n<figure class=\"wp-block-image size-large\"><img loading=\"lazy\" decoding=\"async\" width=\"768\" height=\"1024\" src=\"https:\/\/plumanegranoticias.com\/wp-content\/uploads\/2024\/11\/fb_img_173109348589758430342155374796-768x1024.jpg\" alt=\"\" class=\"wp-image-5991\" srcset=\"https:\/\/plumanegranoticias.com\/wp-content\/uploads\/2024\/11\/fb_img_173109348589758430342155374796-768x1024.jpg 768w, https:\/\/plumanegranoticias.com\/wp-content\/uploads\/2024\/11\/fb_img_173109348589758430342155374796-225x300.jpg 225w, https:\/\/plumanegranoticias.com\/wp-content\/uploads\/2024\/11\/fb_img_173109348589758430342155374796.jpg 1080w\" sizes=\"auto, (max-width: 768px) 100vw, 768px\" \/><\/figure>\n","protected":false},"excerpt":{"rendered":"<p>La Presidenta, Claudia Sheinbaum Pardo estar\u00e1 en la Toma de Protesta de la Gobernadora Roc\u00edo Nahle Garc\u00eda el 1 de diciembre en el Palacio Legislativo de Veracruz, como invitada de honor y para ofrecer todo el respaldo a la primera Gobernadora en la historia del estado de Veracruz. De acuerdo a la informaci\u00f3n que trascendi\u00f3&#8230; <\/p>\n<div class=\"clear\"><\/div>\n<p><a href=\"https:\/\/plumanegranoticias.com\/?p=5992\" class=\"excerpt-read-more\">Read More<i class=\"fa fa-caret-right icon-caret-right\"><\/i><\/a><\/p>\n","protected":false},"author":2,"featured_media":5994,"comment_status":"open","ping_status":"open","sticky":false,"template":"","format":"standard","meta":{"om_disable_all_campaigns":false,"_monsterinsights_skip_tracking":false,"_monsterinsights_sitenote_active":false,"_monsterinsights_sitenote_note":"","_monsterinsights_sitenote_category":0,"_uf_show_specific_survey":0,"_uf_disable_surveys":false,"footnotes":""},"categories":[1],"tags":[37,28,20,22,18,30,61,19,33],"class_list":["post-5992","post","type-post","status-publish","format-standard","has-post-thumbnail","hentry","category-blog","tag-editorial","tag-nacionales","tag-negocios","tag-nota-roja","tag-noticia","tag-plumazos","tag-politica","tag-regional","tag-tendencias"],"aioseo_notices":[],"_links":{"self":[{"href":"https:\/\/plumanegranoticias.com\/index.php?rest_route=\/wp\/v2\/posts\/5992","targetHints":{"allow":["GET"]}}],"collection":[{"href":"https:\/\/plumanegranoticias.com\/index.php?rest_route=\/wp\/v2\/posts"}],"about":[{"href":"https:\/\/plumanegranoticias.com\/index.php?rest_route=\/wp\/v2\/types\/post"}],"author":[{"embeddable":true,"href":"https:\/\/plumanegranoticias.com\/index.php?rest_route=\/wp\/v2\/users\/2"}],"replies":[{"embeddable":true,"href":"https:\/\/plumanegranoticias.com\/index.php?rest_route=%2Fwp%2Fv2%2Fcomments&post=5992"}],"version-history":[{"count":1,"href":"https:\/\/plumanegranoticias.com\/index.php?rest_route=\/wp\/v2\/posts\/5992\/revisions"}],"predecessor-version":[{"id":5993,"href":"https:\/\/plumanegranoticias.com\/index.php?rest_route=\/wp\/v2\/posts\/5992\/revisions\/5993"}],"wp:featuredmedia":[{"embeddable":true,"href":"https:\/\/plumanegranoticias.com\/index.php?rest_route=\/wp\/v2\/media\/5994"}],"wp:attachment":[{"href":"https:\/\/plumanegranoticias.com\/index.php?rest_route=%2Fwp%2Fv2%2Fmedia&parent=5992"}],"wp:term":[{"taxonomy":"category","embeddable":true,"href":"https:\/\/plumanegranoticias.com\/index.php?rest_route=%2Fwp%2Fv2%2Fcategories&post=5992"},{"taxonomy":"post_tag","embeddable":true,"href":"https:\/\/plumanegranoticias.com\/index.php?rest_route=%2Fwp%2Fv2%2Ftags&post=5992"}],"curies":[{"name":"wp","href":"https:\/\/api.w.org\/{rel}","templated":true}]}}