{"id":6028,"date":"2024-11-11T10:56:07","date_gmt":"2024-11-11T16:56:07","guid":{"rendered":"https:\/\/plumanegranoticias.com\/?p=6028"},"modified":"2024-11-11T10:56:36","modified_gmt":"2024-11-11T16:56:36","slug":"abre-este-lunes-registro-para-becas-a-estudiantes-de-secundaria-carlos-villa","status":"publish","type":"post","link":"https:\/\/plumanegranoticias.com\/?p=6028","title":{"rendered":"Abre este lunes registro para becas a estudiantes de secundaria: Carlos Villa"},"content":{"rendered":"\n<p>Quieren llegar a 343 mil estudiantes de las escuelas secundarias del Estado<\/p>\n\n\n\n<p>\u00c1ngeles Gonz\u00e1lez Ceballos<br>Xalapa, Ver., El gobierno de M\u00e9xico, a trav\u00e9s de la Secretar\u00eda de Bienestar, dio a conocer que a partir de este lunes se abre el registro para la beca de estudiantes de secundaria.<\/p>\n\n\n\n<p>Se trata de la beca &#8220;Rita Cetina&#8221; para estudiantes de 3 mil 352 escuelas secundarias del Estado.<\/p>\n\n\n\n<p>En conferencia de prensa, Carlos Alberto Villa Jim\u00e9nez, coordinador de la Oficina de Becas, dio a conocer que ya han visitado 2 mil 800 planteles de secundaria y, para esta semana planean concluir las asambleas con los padres de familia.<\/p>\n\n\n\n<p>&#8220;Lo m\u00e1s importante al d\u00eda de hoy es que tenemos la apertura de la plataforma en l\u00ednea: becaritacetina.gob.mx, en donde a partir de hoy los padres y madres podr\u00e1n registrarse para dar de alta a sus estudiantes que est\u00e9n en el nivel secundaria&#8221;, destac\u00f3.<\/p>\n\n\n\n<p>Puntualiz\u00f3 que est\u00e1n buscando aproximadamente 5.6 millones de estudiantes a nivel estudiantes, en tanto que en Veracruz son 343 mil estudiantes en las 3 mil 352 secundarias p\u00fablicas del Estado.<\/p>\n\n\n\n<p>Detall\u00f3 que a nivel nacional tienen la meta de visitar a 35 mil 552 escuelas secundarias, de las cuales ya van 29 mil 400 asambleas en cada una de las instituciones.<\/p>\n\n\n\n<p>Explic\u00f3 que en esas asambleas se re\u00fanen con los padres de familia, por lo que a la fecha m\u00e1s del 98 por ciento de los padres y madres han recibido la informaci\u00f3n del registro para la beca &#8220;Rita Cetina&#8221;.<\/p>\n\n\n\n<p>El funcionario p\u00fablico asever\u00f3 que el registro en l\u00ednea estar\u00e1 abierto a partir de este lunes a partir de las 14:00 horas y hasta el 18 de diciembre.<\/p>\n\n\n\n<p>Con lo cual podr\u00e1n hacer el cruce de la informaci\u00f3n de todos los estudiantes de las secundarias p\u00fablicas.<\/p>\n\n\n\n<p>Ser\u00e1 a partir del mes de enero del 2025 podr\u00e1n programar las becas para la universalidad de las becas de secundaria.<\/p>\n\n\n\n<p>Explic\u00f3 que la beca ser\u00e1 por mil 900 pesos bimestrales por estudiante, pero si en una familia hay m\u00e1s estudiantes de dicho nivel educativo, el Gobierno les dar\u00e1 700 pesos de apoyo.<\/p>\n\n\n\n<figure class=\"wp-block-image size-large\"><img loading=\"lazy\" decoding=\"async\" width=\"1024\" height=\"461\" src=\"https:\/\/plumanegranoticias.com\/wp-content\/uploads\/2024\/11\/img-20241111-wa0078260404033054356722-1024x461.jpg\" alt=\"\" class=\"wp-image-6027\" srcset=\"https:\/\/plumanegranoticias.com\/wp-content\/uploads\/2024\/11\/img-20241111-wa0078260404033054356722-1024x461.jpg 1024w, https:\/\/plumanegranoticias.com\/wp-content\/uploads\/2024\/11\/img-20241111-wa0078260404033054356722-300x135.jpg 300w, https:\/\/plumanegranoticias.com\/wp-content\/uploads\/2024\/11\/img-20241111-wa0078260404033054356722-768x346.jpg 768w, https:\/\/plumanegranoticias.com\/wp-content\/uploads\/2024\/11\/img-20241111-wa0078260404033054356722-1536x691.jpg 1536w, https:\/\/plumanegranoticias.com\/wp-content\/uploads\/2024\/11\/img-20241111-wa0078260404033054356722.jpg 2000w\" sizes=\"auto, (max-width: 1024px) 100vw, 1024px\" \/><\/figure>\n","protected":false},"excerpt":{"rendered":"<p>Quieren llegar a 343 mil estudiantes de las escuelas secundarias del Estado \u00c1ngeles Gonz\u00e1lez CeballosXalapa, Ver., El gobierno de M\u00e9xico, a trav\u00e9s de la Secretar\u00eda de Bienestar, dio a conocer que a partir de este lunes se abre el registro para la beca de estudiantes de secundaria. Se trata de la beca &#8220;Rita Cetina&#8221; para&#8230; <\/p>\n<div class=\"clear\"><\/div>\n<p><a href=\"https:\/\/plumanegranoticias.com\/?p=6028\" class=\"excerpt-read-more\">Read More<i class=\"fa fa-caret-right icon-caret-right\"><\/i><\/a><\/p>\n","protected":false},"author":2,"featured_media":6030,"comment_status":"open","ping_status":"open","sticky":false,"template":"","format":"standard","meta":{"om_disable_all_campaigns":false,"_monsterinsights_skip_tracking":false,"_monsterinsights_sitenote_active":false,"_monsterinsights_sitenote_note":"","_monsterinsights_sitenote_category":0,"_uf_show_specific_survey":0,"_uf_disable_surveys":false,"footnotes":""},"categories":[1],"tags":[20,18,61,19],"class_list":["post-6028","post","type-post","status-publish","format-standard","has-post-thumbnail","hentry","category-blog","tag-negocios","tag-noticia","tag-politica","tag-regional"],"aioseo_notices":[],"_links":{"self":[{"href":"https:\/\/plumanegranoticias.com\/index.php?rest_route=\/wp\/v2\/posts\/6028","targetHints":{"allow":["GET"]}}],"collection":[{"href":"https:\/\/plumanegranoticias.com\/index.php?rest_route=\/wp\/v2\/posts"}],"about":[{"href":"https:\/\/plumanegranoticias.com\/index.php?rest_route=\/wp\/v2\/types\/post"}],"author":[{"embeddable":true,"href":"https:\/\/plumanegranoticias.com\/index.php?rest_route=\/wp\/v2\/users\/2"}],"replies":[{"embeddable":true,"href":"https:\/\/plumanegranoticias.com\/index.php?rest_route=%2Fwp%2Fv2%2Fcomments&post=6028"}],"version-history":[{"count":1,"href":"https:\/\/plumanegranoticias.com\/index.php?rest_route=\/wp\/v2\/posts\/6028\/revisions"}],"predecessor-version":[{"id":6029,"href":"https:\/\/plumanegranoticias.com\/index.php?rest_route=\/wp\/v2\/posts\/6028\/revisions\/6029"}],"wp:featuredmedia":[{"embeddable":true,"href":"https:\/\/plumanegranoticias.com\/index.php?rest_route=\/wp\/v2\/media\/6030"}],"wp:attachment":[{"href":"https:\/\/plumanegranoticias.com\/index.php?rest_route=%2Fwp%2Fv2%2Fmedia&parent=6028"}],"wp:term":[{"taxonomy":"category","embeddable":true,"href":"https:\/\/plumanegranoticias.com\/index.php?rest_route=%2Fwp%2Fv2%2Fcategories&post=6028"},{"taxonomy":"post_tag","embeddable":true,"href":"https:\/\/plumanegranoticias.com\/index.php?rest_route=%2Fwp%2Fv2%2Ftags&post=6028"}],"curies":[{"name":"wp","href":"https:\/\/api.w.org\/{rel}","templated":true}]}}