{"id":6076,"date":"2024-11-13T12:27:18","date_gmt":"2024-11-13T18:27:18","guid":{"rendered":"https:\/\/plumanegranoticias.com\/?p=6076"},"modified":"2024-11-13T12:50:11","modified_gmt":"2024-11-13T18:50:11","slug":"juan-villoro-acompanara-a-la-filarmonica-boca-del-rio-en-un-epico-concierto-en-el-foro-boca","status":"publish","type":"post","link":"https:\/\/plumanegranoticias.com\/?p=6076","title":{"rendered":"Juan Villoro acompa\u00f1ar\u00e1 a la Filarm\u00f3nica Boca del R\u00edo en un \u00e9pico concierto en el Foro Boca"},"content":{"rendered":"\n<p>Alejandro \u00c1vila<\/p>\n\n\n\n<p>Boca del R\u00edo, Ver.- El pr\u00f3ximo viernes 15 de noviembre en punto de las 20 horas, el periodista, Juan Villoro Ru\u00edz, acompa\u00f1ar\u00e1 a la Orquesta Filarm\u00f3nica de Boca del R\u00edo en un \u00e9pico concierto que se realizar\u00e1 en las instalaciones del Foro Boca.<\/p>\n\n\n\n<p>El evento denominado &#8220;Obediencia y Rebeld\u00eda. El Arte de O\u00edr en P\u00fablico&#8221;, estar\u00e1 bajo la direcci\u00f3n musical del maestro, Benjam\u00edn Ju\u00e1rez Echenique, y tendr\u00e1 piezas de Ludwin Van Beethoven, Dimitri Shostacovich, Alban Berg, Silvestre Revueltas, Aar\u00f3n Copland y Carlos Jim\u00e9nez Mabarak.<\/p>\n\n\n\n<p>&#8220;Es un programa muy variado, muy ecl\u00e9ctico, muy interesante, con algunas obras que seguramente ser\u00e1n nuevas para gran parte del p\u00fablico, pero que va a permitir descubrirlas con un experto en la cultura mexicana, de la cultura alemana y universal como lo es Juan Villoro, miembro del Colegio Nacional, que no solamente es un gran escritor sino tambi\u00e9n es un gran conversador. Entonces, cuando uno va a visitar El Vaticano, o el Museo de Louvre o Par\u00eds o Roma o Londres o Ciudad de M\u00e9xico o Xalapa, con un museo tan maravilloso como tienen ustedes aqu\u00ed el de Antropolog\u00eda, si uno va solo es distinto que si uno va con alguien que conoce y les explica todos los tesoros que hay, y esa es la funci\u00f3n que va a tener Juan Villoro, va a ser un gu\u00eda, pero en lugar de ver un vestigio arqueol\u00f3gico o un lienzo, vamos a tener una obra maestra que vibra, que late y que respira hecha de sonido, y \u00e9l nos va a llevar en ese recorrido para ver el contexto, y ver c\u00f3mo la m\u00fasica siempre ha sido un instrumento del poder, un instrumento de la propaganda ya sea para los reyes, los militares, los himnos nacionales, las marchas, o para la iglesia, los signos religiosos, la m\u00fasica de \u00f3rgano, siempre tiene la m\u00fasica un mensaje&#8221;, expres\u00f3 el maestro Benjam\u00edn Ju\u00e1rez.<\/p>\n\n\n\n<p>Previo al evento (19 horas) y al finalizar el mismo, en el lobby del Foro Boca habr\u00e1 una Expo Venta de Libros del escritor, Juan Villoro, donde tambi\u00e9n se realizar\u00e1 una firma de aut\u00f3grafos.<\/p>\n\n\n\n<figure class=\"wp-block-image size-large\"><img loading=\"lazy\" decoding=\"async\" width=\"1024\" height=\"682\" src=\"https:\/\/plumanegranoticias.com\/wp-content\/uploads\/2024\/11\/img-20241113-wa00538876763454115354326-1024x682.jpg\" alt=\"\" class=\"wp-image-6069\" srcset=\"https:\/\/plumanegranoticias.com\/wp-content\/uploads\/2024\/11\/img-20241113-wa00538876763454115354326-1024x682.jpg 1024w, https:\/\/plumanegranoticias.com\/wp-content\/uploads\/2024\/11\/img-20241113-wa00538876763454115354326-300x200.jpg 300w, https:\/\/plumanegranoticias.com\/wp-content\/uploads\/2024\/11\/img-20241113-wa00538876763454115354326-768x512.jpg 768w, https:\/\/plumanegranoticias.com\/wp-content\/uploads\/2024\/11\/img-20241113-wa00538876763454115354326-1536x1023.jpg 1536w, https:\/\/plumanegranoticias.com\/wp-content\/uploads\/2024\/11\/img-20241113-wa00538876763454115354326.jpg 1600w\" sizes=\"auto, (max-width: 1024px) 100vw, 1024px\" \/><\/figure>\n","protected":false},"excerpt":{"rendered":"<p>Alejandro \u00c1vila Boca del R\u00edo, Ver.- El pr\u00f3ximo viernes 15 de noviembre en punto de las 20 horas, el periodista, Juan Villoro Ru\u00edz, acompa\u00f1ar\u00e1 a la Orquesta Filarm\u00f3nica de Boca del R\u00edo en un \u00e9pico concierto que se realizar\u00e1 en las instalaciones del Foro Boca. El evento denominado &#8220;Obediencia y Rebeld\u00eda. El Arte de O\u00edr&#8230; <\/p>\n<div class=\"clear\"><\/div>\n<p><a href=\"https:\/\/plumanegranoticias.com\/?p=6076\" class=\"excerpt-read-more\">Read More<i class=\"fa fa-caret-right icon-caret-right\"><\/i><\/a><\/p>\n","protected":false},"author":2,"featured_media":6073,"comment_status":"open","ping_status":"open","sticky":false,"template":"","format":"standard","meta":{"om_disable_all_campaigns":false,"_monsterinsights_skip_tracking":false,"_monsterinsights_sitenote_active":false,"_monsterinsights_sitenote_note":"","_monsterinsights_sitenote_category":0,"_uf_show_specific_survey":0,"_uf_disable_surveys":false,"footnotes":""},"categories":[1],"tags":[27,21,24,36,28],"class_list":["post-6076","post","type-post","status-publish","format-standard","has-post-thumbnail","hentry","category-blog","tag-deportes","tag-eventos","tag-moda","tag-musica","tag-nacionales"],"aioseo_notices":[],"_links":{"self":[{"href":"https:\/\/plumanegranoticias.com\/index.php?rest_route=\/wp\/v2\/posts\/6076","targetHints":{"allow":["GET"]}}],"collection":[{"href":"https:\/\/plumanegranoticias.com\/index.php?rest_route=\/wp\/v2\/posts"}],"about":[{"href":"https:\/\/plumanegranoticias.com\/index.php?rest_route=\/wp\/v2\/types\/post"}],"author":[{"embeddable":true,"href":"https:\/\/plumanegranoticias.com\/index.php?rest_route=\/wp\/v2\/users\/2"}],"replies":[{"embeddable":true,"href":"https:\/\/plumanegranoticias.com\/index.php?rest_route=%2Fwp%2Fv2%2Fcomments&post=6076"}],"version-history":[{"count":1,"href":"https:\/\/plumanegranoticias.com\/index.php?rest_route=\/wp\/v2\/posts\/6076\/revisions"}],"predecessor-version":[{"id":6077,"href":"https:\/\/plumanegranoticias.com\/index.php?rest_route=\/wp\/v2\/posts\/6076\/revisions\/6077"}],"wp:featuredmedia":[{"embeddable":true,"href":"https:\/\/plumanegranoticias.com\/index.php?rest_route=\/wp\/v2\/media\/6073"}],"wp:attachment":[{"href":"https:\/\/plumanegranoticias.com\/index.php?rest_route=%2Fwp%2Fv2%2Fmedia&parent=6076"}],"wp:term":[{"taxonomy":"category","embeddable":true,"href":"https:\/\/plumanegranoticias.com\/index.php?rest_route=%2Fwp%2Fv2%2Fcategories&post=6076"},{"taxonomy":"post_tag","embeddable":true,"href":"https:\/\/plumanegranoticias.com\/index.php?rest_route=%2Fwp%2Fv2%2Ftags&post=6076"}],"curies":[{"name":"wp","href":"https:\/\/api.w.org\/{rel}","templated":true}]}}