{"id":6088,"date":"2024-11-13T13:10:24","date_gmt":"2024-11-13T19:10:24","guid":{"rendered":"https:\/\/plumanegranoticias.com\/?p=6088"},"modified":"2024-11-13T13:29:11","modified_gmt":"2024-11-13T19:29:11","slug":"insistira-rector-de-uv-que-les-den-4-de-presupuesto-estatal","status":"publish","type":"post","link":"https:\/\/plumanegranoticias.com\/?p=6088","title":{"rendered":"Insistir\u00e1 rector de UV que les den 4% de presupuesto estatal"},"content":{"rendered":"\n<p>Propondr\u00e1n a nuevos diputados reforma a Ley Org\u00e1nica que no se aprob\u00f3 en la pasada legislatura<\/p>\n\n\n\n<p>\u00c1ngeles Gonz\u00e1lez Ceballos<br>Xalapa, Ver., El rector de la Universidad Veracruzana, Mart\u00edn Aguilar S\u00e1nchez, adelant\u00f3 que seguir\u00e1 insistiendo en que el Congreso del Estado les apruebe un presupuesto correspondiente al 4 por ciento del total del presupuesto del Estado.<\/p>\n\n\n\n<p>Entrevistado en la Legislatura local, reconoci\u00f3 que ello depende de los recursos que tenga el gobierno de Veracruz, porque al final es una evaluaci\u00f3n.<\/p>\n\n\n\n<p>&#8220;Como est\u00e1 en la Constituci\u00f3n, nosostros seguimos solicitando el 4 por ciento, pero sobre todo orientado a la expansi\u00f3n de la Universidad y a reforzar temas b\u00e1sicos como la ampliaci\u00f3n de la matr\u00edcula.<\/p>\n\n\n\n<p>Tambi\u00e9n, el apoyo a la ciencia y la tecnolog\u00eda, la expansi\u00f3n de la infraestructura de los campus&#8221;, expuso.<\/p>\n\n\n\n<p>Reconoci\u00f3 que la administraci\u00f3n de Cuitl\u00e1huac Garc\u00eda Jim\u00e9nez autoriz\u00f3 recursos para instalar 430 aulas h\u00edbridas, por lo que al ser una de las universidades p\u00fablicas del Pa\u00eds con m\u00e1s aulas de este tipo, lo quieren aprovechar.<\/p>\n\n\n\n<p>Es decir, quieren impulsar carreras &#8220;h\u00edbridas&#8221; y virtuales, lo que implica una expansi\u00f3n muy fuerte de la instituci\u00f3n de educaci\u00f3n superior p\u00fablica.<\/p>\n\n\n\n<p>Record\u00f3 que uno de los objetivos en estos primeros tres a\u00f1os de su gesti\u00f3n fue ampliar la matr\u00edcula a 5 mil estudiantes m\u00e1s.<\/p>\n\n\n\n<p>De esa meta, dijo que est\u00e1n a un 70 y 80 por ciento con recursos propios, pero para poder recibir a m\u00e1s estudiantes, quieren abrir m\u00e1s carreras.<\/p>\n\n\n\n<p>Cit\u00f3 como ejemplo Ganader\u00eda Sustentable, Semiconductores, diversas ingenier\u00edas, entre muchas otras.<\/p>\n\n\n\n<p><em>Propondr\u00e1n a nuevos diputados reforma a Ley Org\u00e1nica de UV<\/em><\/p>\n\n\n\n<p>-Lo principal es salvaguardar la autonom\u00eda de la Casa de Estudios<\/p>\n\n\n\n<p>Por otra parte, explic\u00f3 que retiraron la propuesta de reforma de la Ley Org\u00e1nica de la UV de la pasada Legislatura.<\/p>\n\n\n\n<p>Sin embargo, asegur\u00f3 que no hay necesidad de volver a sesionar por parte del Consejo Universitario General para impulsar dicha reforma.<\/p>\n\n\n\n<p>Lo que tienen que hacer es valorar y volver a integrar el anteproyecto de reforma de Ley a la nueva Legislatura.<\/p>\n\n\n\n<p>Aguilar S\u00e1nchez sostuvo que la autonom\u00eda de la Casa de Estudios est\u00e1 a salvo en el anteproyecto, incluso, defini\u00f3 que es lo principal.<\/p>\n\n\n\n<p>Agreg\u00f3 que la Universidad est\u00e1 buscando un proceso de consolidaci\u00f3n de su autonom\u00eda, pero sobre todo, adecuarse a los nuevos momentos pol\u00edticos y sociales del Pa\u00eds.<\/p>\n\n\n\n<p>&#8220;Les pongo un ejemplo: la parte de perspectiva de g\u00e9nero que propone la Ley General de Educaci\u00f3n Superior. Nosotros estamos planteando una comisi\u00f3n del Consejo Universitario que se dedique a dar seguimiento a estos temas&#8221;, subray\u00f3.<\/p>\n\n\n\n<p>El Rector asever\u00f3 que adem\u00e1s est\u00e1n buscando que se definan cuestiones espec\u00edficas como una cultura de paz, no violencia, tener al centro al estudiante, a la educaci\u00f3n, la gratuidad, reforzar a la instituci\u00f3n de forma gradual.<\/p>\n\n\n\n<p>El acad\u00e9mico puntualiz\u00f3 que no espera que la Reforma sea aprobada lo m\u00e1s pronto posible, sino m\u00e1s bien que se discuta ampliamente y, sobre todo, que se conozca.<\/p>\n\n\n\n<p>Expuso que algunos legisladores ya conocen el tema, pero tambi\u00e9n conocen cu\u00e1l es la situaci\u00f3n financiera de la Casa de Estudios, porque es algo que se ha difundido ampliamente entre la sociedad.<\/p>\n\n\n\n<figure class=\"wp-block-image size-large\"><img loading=\"lazy\" decoding=\"async\" width=\"300\" height=\"201\" src=\"https:\/\/plumanegranoticias.com\/wp-content\/uploads\/2024\/11\/img-20241113-wa01057567784692732783821-300x201.jpg\" alt=\"\" class=\"wp-image-6083\" srcset=\"https:\/\/plumanegranoticias.com\/wp-content\/uploads\/2024\/11\/img-20241113-wa01057567784692732783821-300x201.jpg 300w, https:\/\/plumanegranoticias.com\/wp-content\/uploads\/2024\/11\/img-20241113-wa01057567784692732783821-768x514.jpg 768w, https:\/\/plumanegranoticias.com\/wp-content\/uploads\/2024\/11\/img-20241113-wa01057567784692732783821.jpg 875w\" sizes=\"auto, (max-width: 300px) 100vw, 300px\" \/><\/figure>\n","protected":false},"excerpt":{"rendered":"<p>Propondr\u00e1n a nuevos diputados reforma a Ley Org\u00e1nica que no se aprob\u00f3 en la pasada legislatura \u00c1ngeles Gonz\u00e1lez CeballosXalapa, Ver., El rector de la Universidad Veracruzana, Mart\u00edn Aguilar S\u00e1nchez, adelant\u00f3 que seguir\u00e1 insistiendo en que el Congreso del Estado les apruebe un presupuesto correspondiente al 4 por ciento del total del presupuesto del Estado. Entrevistado&#8230; <\/p>\n<div class=\"clear\"><\/div>\n<p><a href=\"https:\/\/plumanegranoticias.com\/?p=6088\" class=\"excerpt-read-more\">Read More<i class=\"fa fa-caret-right icon-caret-right\"><\/i><\/a><\/p>\n","protected":false},"author":2,"featured_media":6082,"comment_status":"open","ping_status":"open","sticky":false,"template":"","format":"standard","meta":{"om_disable_all_campaigns":false,"_monsterinsights_skip_tracking":false,"_monsterinsights_sitenote_active":false,"_monsterinsights_sitenote_note":"","_monsterinsights_sitenote_category":0,"_uf_show_specific_survey":0,"_uf_disable_surveys":false,"footnotes":""},"categories":[1],"tags":[18,61,19],"class_list":["post-6088","post","type-post","status-publish","format-standard","has-post-thumbnail","hentry","category-blog","tag-noticia","tag-politica","tag-regional"],"aioseo_notices":[],"_links":{"self":[{"href":"https:\/\/plumanegranoticias.com\/index.php?rest_route=\/wp\/v2\/posts\/6088","targetHints":{"allow":["GET"]}}],"collection":[{"href":"https:\/\/plumanegranoticias.com\/index.php?rest_route=\/wp\/v2\/posts"}],"about":[{"href":"https:\/\/plumanegranoticias.com\/index.php?rest_route=\/wp\/v2\/types\/post"}],"author":[{"embeddable":true,"href":"https:\/\/plumanegranoticias.com\/index.php?rest_route=\/wp\/v2\/users\/2"}],"replies":[{"embeddable":true,"href":"https:\/\/plumanegranoticias.com\/index.php?rest_route=%2Fwp%2Fv2%2Fcomments&post=6088"}],"version-history":[{"count":1,"href":"https:\/\/plumanegranoticias.com\/index.php?rest_route=\/wp\/v2\/posts\/6088\/revisions"}],"predecessor-version":[{"id":6089,"href":"https:\/\/plumanegranoticias.com\/index.php?rest_route=\/wp\/v2\/posts\/6088\/revisions\/6089"}],"wp:featuredmedia":[{"embeddable":true,"href":"https:\/\/plumanegranoticias.com\/index.php?rest_route=\/wp\/v2\/media\/6082"}],"wp:attachment":[{"href":"https:\/\/plumanegranoticias.com\/index.php?rest_route=%2Fwp%2Fv2%2Fmedia&parent=6088"}],"wp:term":[{"taxonomy":"category","embeddable":true,"href":"https:\/\/plumanegranoticias.com\/index.php?rest_route=%2Fwp%2Fv2%2Fcategories&post=6088"},{"taxonomy":"post_tag","embeddable":true,"href":"https:\/\/plumanegranoticias.com\/index.php?rest_route=%2Fwp%2Fv2%2Ftags&post=6088"}],"curies":[{"name":"wp","href":"https:\/\/api.w.org\/{rel}","templated":true}]}}