{"id":6090,"date":"2024-11-13T13:14:11","date_gmt":"2024-11-13T19:14:11","guid":{"rendered":"https:\/\/plumanegranoticias.com\/?p=6090"},"modified":"2024-11-13T13:29:11","modified_gmt":"2024-11-13T19:29:11","slug":"veracruzana-representara-a-mexico-en-certamen-mundial-internacional-2","status":"publish","type":"post","link":"https:\/\/plumanegranoticias.com\/?p=6090","title":{"rendered":"Veracruzana representar\u00e1 a M\u00e9xico en certamen mundial internacional"},"content":{"rendered":"\n<p>Alejandro \u00c1vila<\/p>\n\n\n\n<p>Veracruz, Ver.- Una vez m\u00e1s y como ya se ha hecho costumbre, una veracruzana representar\u00e1 a M\u00e9xico en un certamen de belleza internacional; en esta ocasi\u00f3n ser\u00e1 Montserrat Pereyra, qui\u00e9n participar\u00e1 en el concurso Reina Mundial de la Pi\u00f1a a celebrarse en Colombia.<\/p>\n\n\n\n<p>La veracruzana viajar\u00e1 el pr\u00f3ximo 16 de noviembre a tierras cafetaleras ya que el evento se llevar\u00e1 a cabo del 18 al 24 de noviembre y la Gran Final el domingo 25 de noviembre en Bucaramanga, capital del departamento de Santander, Colombia.<\/p>\n\n\n\n<p>Cabe destacar que en el marco de la concentraci\u00f3n internacional, las representes de los pa\u00edses participantes montar\u00e1n una exposici\u00f3n con artesan\u00edas y productos elaborados a base de la pi\u00f1a.<\/p>\n\n\n\n<p>En el caso de la representante de M\u00e9xico, Montserrat Pereyra, expondr\u00e1 los productos de la empresa ORIGNES VERACRUZ que dirige MARTHA BELEN RUIZ ESPARZA, que ha otorgado todo el apoyo a la veracruzana.<\/p>\n\n\n\n<p>ORIGNES VERACRUZ es una empresa que se dedica a la producci\u00f3n y exportaci\u00f3n de pi\u00f1a as\u00ed como de fertilizantes, adem\u00e1s contribuye a fomentar su producci\u00f3n en M\u00e9xico y el extranjero.<\/p>\n\n\n\n<p>Recordemos que Monserrat Pereyra represent\u00f3 dignamente al estado de Veracruz en el pasado certamen Miss Earth M\u00e9xico y gracias a su belleza, disciplina y preparaci\u00f3n es que la Organizaci\u00f3n Nacional le otorg\u00f3 la encomienda de llevar a Latinoam\u00e9rica la representaci\u00f3n de M\u00e9xico en este prestigiado certamen de belleza en el que participan pa\u00edses latinos productores de pi\u00f1a.<\/p>\n\n\n\n<p>Montserrat Gonz\u00e1lez Pereyra, Miss Earth Veracruz, es originaria de Boca del R\u00edo. Cuenta con 21 a\u00f1os de edad, es estudiante de la licenciatura en Mercadotecnia y Publicidad y actualmente lleva 8 a\u00f1os como modelo profesional, en los cuales ha modelado y posado para dise\u00f1adores nacionales e internacionales.<\/p>\n\n\n\n<p>Representando a Veracruz en el certamen nacional Miss Earth M\u00e9xico 2023, gan\u00f3 varios retos, entre ellos el 2\u00ba lugar en el en el Fashion Show \u201cModa Creativa\u201d y en la gala final fue electa por la prensa del sureste mexicano como Miss Earth M\u00e9xico Fotog\u00e9nica. Asimismo fue la imagen oficial de la tercera edici\u00f3n del Weekend In Fashion M\u00e9xico.<\/p>\n\n\n\n<figure class=\"wp-block-image size-large\"><img loading=\"lazy\" decoding=\"async\" width=\"683\" height=\"1024\" src=\"https:\/\/plumanegranoticias.com\/wp-content\/uploads\/2024\/11\/img-20241113-wa00678391870347054325645-683x1024.jpg\" alt=\"\" class=\"wp-image-6084\" srcset=\"https:\/\/plumanegranoticias.com\/wp-content\/uploads\/2024\/11\/img-20241113-wa00678391870347054325645-683x1024.jpg 683w, https:\/\/plumanegranoticias.com\/wp-content\/uploads\/2024\/11\/img-20241113-wa00678391870347054325645-200x300.jpg 200w, https:\/\/plumanegranoticias.com\/wp-content\/uploads\/2024\/11\/img-20241113-wa00678391870347054325645-768x1152.jpg 768w, https:\/\/plumanegranoticias.com\/wp-content\/uploads\/2024\/11\/img-20241113-wa00678391870347054325645.jpg 900w\" sizes=\"auto, (max-width: 683px) 100vw, 683px\" \/><\/figure>\n","protected":false},"excerpt":{"rendered":"<p>Alejandro \u00c1vila Veracruz, Ver.- Una vez m\u00e1s y como ya se ha hecho costumbre, una veracruzana representar\u00e1 a M\u00e9xico en un certamen de belleza internacional; en esta ocasi\u00f3n ser\u00e1 Montserrat Pereyra, qui\u00e9n participar\u00e1 en el concurso Reina Mundial de la Pi\u00f1a a celebrarse en Colombia. La veracruzana viajar\u00e1 el pr\u00f3ximo 16 de noviembre a tierras&#8230; <\/p>\n<div class=\"clear\"><\/div>\n<p><a href=\"https:\/\/plumanegranoticias.com\/?p=6090\" class=\"excerpt-read-more\">Read More<i class=\"fa fa-caret-right icon-caret-right\"><\/i><\/a><\/p>\n","protected":false},"author":2,"featured_media":6085,"comment_status":"open","ping_status":"open","sticky":false,"template":"","format":"standard","meta":{"om_disable_all_campaigns":false,"_monsterinsights_skip_tracking":false,"_monsterinsights_sitenote_active":false,"_monsterinsights_sitenote_note":"","_monsterinsights_sitenote_category":0,"_uf_show_specific_survey":0,"_uf_disable_surveys":false,"footnotes":""},"categories":[1],"tags":[23,21,24,36],"class_list":["post-6090","post","type-post","status-publish","format-standard","has-post-thumbnail","hentry","category-blog","tag-entretenimiento","tag-eventos","tag-moda","tag-musica"],"aioseo_notices":[],"_links":{"self":[{"href":"https:\/\/plumanegranoticias.com\/index.php?rest_route=\/wp\/v2\/posts\/6090","targetHints":{"allow":["GET"]}}],"collection":[{"href":"https:\/\/plumanegranoticias.com\/index.php?rest_route=\/wp\/v2\/posts"}],"about":[{"href":"https:\/\/plumanegranoticias.com\/index.php?rest_route=\/wp\/v2\/types\/post"}],"author":[{"embeddable":true,"href":"https:\/\/plumanegranoticias.com\/index.php?rest_route=\/wp\/v2\/users\/2"}],"replies":[{"embeddable":true,"href":"https:\/\/plumanegranoticias.com\/index.php?rest_route=%2Fwp%2Fv2%2Fcomments&post=6090"}],"version-history":[{"count":1,"href":"https:\/\/plumanegranoticias.com\/index.php?rest_route=\/wp\/v2\/posts\/6090\/revisions"}],"predecessor-version":[{"id":6091,"href":"https:\/\/plumanegranoticias.com\/index.php?rest_route=\/wp\/v2\/posts\/6090\/revisions\/6091"}],"wp:featuredmedia":[{"embeddable":true,"href":"https:\/\/plumanegranoticias.com\/index.php?rest_route=\/wp\/v2\/media\/6085"}],"wp:attachment":[{"href":"https:\/\/plumanegranoticias.com\/index.php?rest_route=%2Fwp%2Fv2%2Fmedia&parent=6090"}],"wp:term":[{"taxonomy":"category","embeddable":true,"href":"https:\/\/plumanegranoticias.com\/index.php?rest_route=%2Fwp%2Fv2%2Fcategories&post=6090"},{"taxonomy":"post_tag","embeddable":true,"href":"https:\/\/plumanegranoticias.com\/index.php?rest_route=%2Fwp%2Fv2%2Ftags&post=6090"}],"curies":[{"name":"wp","href":"https:\/\/api.w.org\/{rel}","templated":true}]}}