{"id":6209,"date":"2024-11-21T20:55:36","date_gmt":"2024-11-22T02:55:36","guid":{"rendered":"https:\/\/plumanegranoticias.com\/?p=6209"},"modified":"2024-11-21T20:56:00","modified_gmt":"2024-11-22T02:56:00","slug":"detiene-pareja-de-farderos-en-tierra-blanca","status":"publish","type":"post","link":"https:\/\/plumanegranoticias.com\/?p=6209","title":{"rendered":"DETIENE PAREJA DE FARDEROS EN TIERRA BLANCA"},"content":{"rendered":"\n<p>EN UNA R\u00c1PIDA ACCI\u00d3N, POLIC\u00cdA MUNICIPAL DE TIERRA BLANCA DETIENE A DOS PRESUNTOS LADRONES<\/p>\n\n\n\n<p>Un hombre y una mujer fueron interceptados con mercanc\u00eda robada en el centro de la ciudad, destacando el compromiso de una polic\u00eda eficiente y preparada.<\/p>\n\n\n\n<p>Tierra Blanca, Ver. En un operativo \u00e1gil y coordinado, la Polic\u00eda Municipal de Tierra Blanca demostr\u00f3 su eficiencia y preparaci\u00f3n al detener a dos personas se\u00f1aladas por presunto robo a comercios en la zona centro de la ciudad.<\/p>\n\n\n\n<p>Los implicados, identificados como Blanca Estela N y Tilo Alberto N, fueron sorprendidos tras sustraer ropa, juguetes y peluches de la tienda Coppel, sucursal Ju\u00e1rez. Personal del establecimiento not\u00f3 su actitud sospechosa y alert\u00f3 a los oficiales, quienes de inmediato activaron el protocolo de seguridad.<\/p>\n\n\n\n<p>Gracias a los constantes recorridos preventivos que realizan los elementos de la corporaci\u00f3n, tanto de d\u00eda como de noche, para salvaguardar la integridad de los ciudadanos, los presuntos delincuentes fueron interceptados sobre la avenida Serd\u00e1n, cerca de la carretera federal Tinaja-Cd. Alem\u00e1n, cuando intentaban escapar a bordo de un veh\u00edculo Chevrolet Aveo blanco.<\/p>\n\n\n\n<p>El operativo, realizado alrededor de las 2:00 p.m. del jueves 21 de noviembre, result\u00f3 en el aseguramiento de mercanc\u00eda robada y de un dispositivo casero utilizado para desactivar sensores de seguridad.<\/p>\n\n\n\n<p>Este logro refleja el trabajo comprometido de la Polic\u00eda Municipal bajo la actual administraci\u00f3n, enfocada en prever delitos y mantener el orden en la ciudad. Los detenidos fueron puestos a disposici\u00f3n de la Fiscal\u00eda General del Estado de Veracruz, donde se determinar\u00e1 su situaci\u00f3n legal en funci\u00f3n de las denuncias presentadas.<\/p>\n\n\n\n<figure class=\"wp-block-image size-large\"><img loading=\"lazy\" decoding=\"async\" width=\"864\" height=\"1024\" src=\"https:\/\/plumanegranoticias.com\/wp-content\/uploads\/2024\/11\/img-20241121-wa01785761414297353764814-864x1024.jpg\" alt=\"\" class=\"wp-image-6206\" srcset=\"https:\/\/plumanegranoticias.com\/wp-content\/uploads\/2024\/11\/img-20241121-wa01785761414297353764814-864x1024.jpg 864w, https:\/\/plumanegranoticias.com\/wp-content\/uploads\/2024\/11\/img-20241121-wa01785761414297353764814-253x300.jpg 253w, https:\/\/plumanegranoticias.com\/wp-content\/uploads\/2024\/11\/img-20241121-wa01785761414297353764814-768x910.jpg 768w, https:\/\/plumanegranoticias.com\/wp-content\/uploads\/2024\/11\/img-20241121-wa01785761414297353764814.jpg 1080w\" sizes=\"auto, (max-width: 864px) 100vw, 864px\" \/><\/figure>\n\n\n\n<figure class=\"wp-block-image\"><img loading=\"lazy\" decoding=\"async\" width=\"980\" height=\"1024\" src=\"https:\/\/plumanegranoticias.com\/wp-content\/uploads\/2024\/11\/img-20241121-wa0176840441029415463744-980x1024.jpg\" alt=\"\" class=\"wp-image-6207\" srcset=\"https:\/\/plumanegranoticias.com\/wp-content\/uploads\/2024\/11\/img-20241121-wa0176840441029415463744-980x1024.jpg 980w, https:\/\/plumanegranoticias.com\/wp-content\/uploads\/2024\/11\/img-20241121-wa0176840441029415463744-287x300.jpg 287w, https:\/\/plumanegranoticias.com\/wp-content\/uploads\/2024\/11\/img-20241121-wa0176840441029415463744-768x803.jpg 768w, https:\/\/plumanegranoticias.com\/wp-content\/uploads\/2024\/11\/img-20241121-wa0176840441029415463744.jpg 1080w\" sizes=\"auto, (max-width: 980px) 100vw, 980px\" \/><\/figure>\n\n\n\n<figure class=\"wp-block-image\"><img loading=\"lazy\" decoding=\"async\" width=\"1024\" height=\"768\" src=\"https:\/\/plumanegranoticias.com\/wp-content\/uploads\/2024\/11\/img-20241121-wa0177648192066733504430-1024x768.jpg\" alt=\"\" class=\"wp-image-6208\" srcset=\"https:\/\/plumanegranoticias.com\/wp-content\/uploads\/2024\/11\/img-20241121-wa0177648192066733504430-1024x768.jpg 1024w, https:\/\/plumanegranoticias.com\/wp-content\/uploads\/2024\/11\/img-20241121-wa0177648192066733504430-300x225.jpg 300w, https:\/\/plumanegranoticias.com\/wp-content\/uploads\/2024\/11\/img-20241121-wa0177648192066733504430-768x576.jpg 768w, https:\/\/plumanegranoticias.com\/wp-content\/uploads\/2024\/11\/img-20241121-wa0177648192066733504430-400x300.jpg 400w, https:\/\/plumanegranoticias.com\/wp-content\/uploads\/2024\/11\/img-20241121-wa0177648192066733504430.jpg 1280w\" sizes=\"auto, (max-width: 1024px) 100vw, 1024px\" \/><\/figure>\n","protected":false},"excerpt":{"rendered":"<p>EN UNA R\u00c1PIDA ACCI\u00d3N, POLIC\u00cdA MUNICIPAL DE TIERRA BLANCA DETIENE A DOS PRESUNTOS LADRONES Un hombre y una mujer fueron interceptados con mercanc\u00eda robada en el centro de la ciudad, destacando el compromiso de una polic\u00eda eficiente y preparada. Tierra Blanca, Ver. En un operativo \u00e1gil y coordinado, la Polic\u00eda Municipal de Tierra Blanca demostr\u00f3&#8230; <\/p>\n<div class=\"clear\"><\/div>\n<p><a href=\"https:\/\/plumanegranoticias.com\/?p=6209\" class=\"excerpt-read-more\">Read More<i class=\"fa fa-caret-right icon-caret-right\"><\/i><\/a><\/p>\n","protected":false},"author":2,"featured_media":6211,"comment_status":"open","ping_status":"open","sticky":false,"template":"","format":"standard","meta":{"om_disable_all_campaigns":false,"_monsterinsights_skip_tracking":false,"_monsterinsights_sitenote_active":false,"_monsterinsights_sitenote_note":"","_monsterinsights_sitenote_category":0,"_uf_show_specific_survey":0,"_uf_disable_surveys":false,"footnotes":""},"categories":[1],"tags":[22,18,19],"class_list":["post-6209","post","type-post","status-publish","format-standard","has-post-thumbnail","hentry","category-blog","tag-nota-roja","tag-noticia","tag-regional"],"aioseo_notices":[],"_links":{"self":[{"href":"https:\/\/plumanegranoticias.com\/index.php?rest_route=\/wp\/v2\/posts\/6209","targetHints":{"allow":["GET"]}}],"collection":[{"href":"https:\/\/plumanegranoticias.com\/index.php?rest_route=\/wp\/v2\/posts"}],"about":[{"href":"https:\/\/plumanegranoticias.com\/index.php?rest_route=\/wp\/v2\/types\/post"}],"author":[{"embeddable":true,"href":"https:\/\/plumanegranoticias.com\/index.php?rest_route=\/wp\/v2\/users\/2"}],"replies":[{"embeddable":true,"href":"https:\/\/plumanegranoticias.com\/index.php?rest_route=%2Fwp%2Fv2%2Fcomments&post=6209"}],"version-history":[{"count":1,"href":"https:\/\/plumanegranoticias.com\/index.php?rest_route=\/wp\/v2\/posts\/6209\/revisions"}],"predecessor-version":[{"id":6210,"href":"https:\/\/plumanegranoticias.com\/index.php?rest_route=\/wp\/v2\/posts\/6209\/revisions\/6210"}],"wp:featuredmedia":[{"embeddable":true,"href":"https:\/\/plumanegranoticias.com\/index.php?rest_route=\/wp\/v2\/media\/6211"}],"wp:attachment":[{"href":"https:\/\/plumanegranoticias.com\/index.php?rest_route=%2Fwp%2Fv2%2Fmedia&parent=6209"}],"wp:term":[{"taxonomy":"category","embeddable":true,"href":"https:\/\/plumanegranoticias.com\/index.php?rest_route=%2Fwp%2Fv2%2Fcategories&post=6209"},{"taxonomy":"post_tag","embeddable":true,"href":"https:\/\/plumanegranoticias.com\/index.php?rest_route=%2Fwp%2Fv2%2Ftags&post=6209"}],"curies":[{"name":"wp","href":"https:\/\/api.w.org\/{rel}","templated":true}]}}