{"id":6222,"date":"2024-11-22T10:11:41","date_gmt":"2024-11-22T16:11:41","guid":{"rendered":"https:\/\/plumanegranoticias.com\/?p=6222"},"modified":"2024-11-22T10:33:35","modified_gmt":"2024-11-22T16:33:35","slug":"imputado-como-probable-responsable-del-delito-de-feminicidio","status":"publish","type":"post","link":"https:\/\/plumanegranoticias.com\/?p=6222","title":{"rendered":"Imputado como probable responsable del delito de feminicidio"},"content":{"rendered":"\n<p>Coatzacoalcos, Ver., 22 de noviembre de 2024.- La Fiscal\u00eda Especializada en Investigaci\u00f3n de Delitos de Violencia Contra la Familia, Mujeres, Ni\u00f1as y Ni\u00f1os y de Trata de Personas realiz\u00f3 imputaci\u00f3n en contra de Rodrigo \u201cN\u201d como probable responsable del delito de feminicidio cometido en agravio de la v\u00edctima A.D.R., hechos ocurridos el 9 de noviembre del 2024 en el domicilio ubicado en la colonia Centro perteneciente a este municipio cuando el ahora imputado presuntamente le caus\u00f3 lesiones a la v\u00edctima, para posteriormente privarla de la vida.&nbsp;<\/p>\n\n\n\n<p>El juez dict\u00f3 como medida cautelar prisi\u00f3n preventiva justificada, dentro del proceso penal 740\/2024.<\/p>\n\n\n\n<figure class=\"wp-block-image size-large\"><img loading=\"lazy\" decoding=\"async\" width=\"1024\" height=\"1024\" src=\"https:\/\/plumanegranoticias.com\/wp-content\/uploads\/2024\/11\/img-20241122-wa00256684467684536960810-1024x1024.jpg\" alt=\"\" class=\"wp-image-6220\" srcset=\"https:\/\/plumanegranoticias.com\/wp-content\/uploads\/2024\/11\/img-20241122-wa00256684467684536960810-1024x1024.jpg 1024w, https:\/\/plumanegranoticias.com\/wp-content\/uploads\/2024\/11\/img-20241122-wa00256684467684536960810-300x300.jpg 300w, https:\/\/plumanegranoticias.com\/wp-content\/uploads\/2024\/11\/img-20241122-wa00256684467684536960810-150x150.jpg 150w, https:\/\/plumanegranoticias.com\/wp-content\/uploads\/2024\/11\/img-20241122-wa00256684467684536960810-768x768.jpg 768w, https:\/\/plumanegranoticias.com\/wp-content\/uploads\/2024\/11\/img-20241122-wa00256684467684536960810-400x400.jpg 400w, https:\/\/plumanegranoticias.com\/wp-content\/uploads\/2024\/11\/img-20241122-wa00256684467684536960810.jpg 1200w\" sizes=\"auto, (max-width: 1024px) 100vw, 1024px\" \/><\/figure>\n","protected":false},"excerpt":{"rendered":"<p>Coatzacoalcos, Ver., 22 de noviembre de 2024.- La Fiscal\u00eda Especializada en Investigaci\u00f3n de Delitos de Violencia Contra la Familia, Mujeres, Ni\u00f1as y Ni\u00f1os y de Trata de Personas realiz\u00f3 imputaci\u00f3n en contra de Rodrigo \u201cN\u201d como probable responsable del delito de feminicidio cometido en agravio de la v\u00edctima A.D.R., hechos ocurridos el 9 de noviembre&#8230; <\/p>\n<div class=\"clear\"><\/div>\n<p><a href=\"https:\/\/plumanegranoticias.com\/?p=6222\" class=\"excerpt-read-more\">Read More<i class=\"fa fa-caret-right icon-caret-right\"><\/i><\/a><\/p>\n","protected":false},"author":2,"featured_media":6221,"comment_status":"open","ping_status":"open","sticky":false,"template":"","format":"standard","meta":{"om_disable_all_campaigns":false,"_monsterinsights_skip_tracking":false,"_monsterinsights_sitenote_active":false,"_monsterinsights_sitenote_note":"","_monsterinsights_sitenote_category":0,"_uf_show_specific_survey":0,"_uf_disable_surveys":false,"footnotes":""},"categories":[1],"tags":[22,34,19],"class_list":["post-6222","post","type-post","status-publish","format-standard","has-post-thumbnail","hentry","category-blog","tag-nota-roja","tag-policiaca","tag-regional"],"aioseo_notices":[],"_links":{"self":[{"href":"https:\/\/plumanegranoticias.com\/index.php?rest_route=\/wp\/v2\/posts\/6222","targetHints":{"allow":["GET"]}}],"collection":[{"href":"https:\/\/plumanegranoticias.com\/index.php?rest_route=\/wp\/v2\/posts"}],"about":[{"href":"https:\/\/plumanegranoticias.com\/index.php?rest_route=\/wp\/v2\/types\/post"}],"author":[{"embeddable":true,"href":"https:\/\/plumanegranoticias.com\/index.php?rest_route=\/wp\/v2\/users\/2"}],"replies":[{"embeddable":true,"href":"https:\/\/plumanegranoticias.com\/index.php?rest_route=%2Fwp%2Fv2%2Fcomments&post=6222"}],"version-history":[{"count":1,"href":"https:\/\/plumanegranoticias.com\/index.php?rest_route=\/wp\/v2\/posts\/6222\/revisions"}],"predecessor-version":[{"id":6223,"href":"https:\/\/plumanegranoticias.com\/index.php?rest_route=\/wp\/v2\/posts\/6222\/revisions\/6223"}],"wp:featuredmedia":[{"embeddable":true,"href":"https:\/\/plumanegranoticias.com\/index.php?rest_route=\/wp\/v2\/media\/6221"}],"wp:attachment":[{"href":"https:\/\/plumanegranoticias.com\/index.php?rest_route=%2Fwp%2Fv2%2Fmedia&parent=6222"}],"wp:term":[{"taxonomy":"category","embeddable":true,"href":"https:\/\/plumanegranoticias.com\/index.php?rest_route=%2Fwp%2Fv2%2Fcategories&post=6222"},{"taxonomy":"post_tag","embeddable":true,"href":"https:\/\/plumanegranoticias.com\/index.php?rest_route=%2Fwp%2Fv2%2Ftags&post=6222"}],"curies":[{"name":"wp","href":"https:\/\/api.w.org\/{rel}","templated":true}]}}