{"id":6265,"date":"2024-11-22T13:18:06","date_gmt":"2024-11-22T19:18:06","guid":{"rendered":"https:\/\/plumanegranoticias.com\/?p=6265"},"modified":"2024-11-22T13:18:47","modified_gmt":"2024-11-22T19:18:47","slug":"despiden-a-joven-de-16-anos-que-murio-en-moto","status":"publish","type":"post","link":"https:\/\/plumanegranoticias.com\/?p=6265","title":{"rendered":"DESPIDEN A JOVEN DE 16 A\u00d1OS QUE MURI\u00d3 EN MOTO"},"content":{"rendered":"\n<p>\ud83d\udd4a\ufe0f \u00a1Hasta siempre G\u00fcero! Despiden a joven de #Hueyapan de Ocampo que perdi\u00f3 la vida en accidente de motocicleta\ud83d\udd4a\ufe0f<\/p>\n\n\n\n<p>Armando Azamar | Hueyapan de Ocampo, Ver.Entre llanto y aplausos, este viernes 22 de noviembre fue sepultado el joven quien perdiera la vida en un accidente sobre la carretera federal 180, a unos metros de la localidad de Juan D\u00edaz Cobarruvias, municipio de Hueyapan de Ocampo.<\/p>\n\n\n\n<p>&#8220;El G\u00fcero&#8221; como cari\u00f1osamente le dec\u00edan sus familiares y amigos, Heriberto Mart\u00ednez Hern\u00e1ndez de tan solo 16 a\u00f1os de edad, con toda una vida por delante, encontr\u00f3 su muerte cuando tripulaba su motocicleta.<\/p>\n\n\n\n<p>Datos recabados, indican que el hoy occiso iba a velocidad inmoderada y no se percat\u00f3 de un tope, cayendo sobre la carretera y con un golpe directo en la cabeza que le provoc\u00f3 la salida de masa encef\u00e1lica, perdiendo la vida al instante, aunque ser\u00e1n las autoridades de la fiscal\u00eda quienes a trav\u00e9s de un peritaje, dictaminen el motivo del accidente.<\/p>\n\n\n\n<p>La localidad de Barrosa, de d\u00f3nde es originario El G\u00fcero, se encuentra consternada por tan lamentable suceso, pues el joven manten\u00eda buena relaci\u00f3n con todos.<\/p>\n\n\n\n<p>El G\u00fcero, quien desde muy peque\u00f1o sufri\u00f3 el abandono de su madre biol\u00f3gica, viv\u00eda solo con su se\u00f1or padre, don Eduardo Martinez Hern\u00e1ndez, este viernes 22 de noviembre de 2024 quedar\u00e1 marcado para los seres queridos de Heriberto.<br>Q.E.P.D.<\/p>\n\n\n\n<figure class=\"wp-block-image size-large\"><img loading=\"lazy\" decoding=\"async\" width=\"710\" height=\"1024\" src=\"https:\/\/plumanegranoticias.com\/wp-content\/uploads\/2024\/11\/img-20241122-wa0099341634866358689551-710x1024.jpg\" alt=\"\" class=\"wp-image-6262\" srcset=\"https:\/\/plumanegranoticias.com\/wp-content\/uploads\/2024\/11\/img-20241122-wa0099341634866358689551-710x1024.jpg 710w, https:\/\/plumanegranoticias.com\/wp-content\/uploads\/2024\/11\/img-20241122-wa0099341634866358689551-208x300.jpg 208w, https:\/\/plumanegranoticias.com\/wp-content\/uploads\/2024\/11\/img-20241122-wa0099341634866358689551-768x1108.jpg 768w, https:\/\/plumanegranoticias.com\/wp-content\/uploads\/2024\/11\/img-20241122-wa0099341634866358689551-1064x1536.jpg 1064w, https:\/\/plumanegranoticias.com\/wp-content\/uploads\/2024\/11\/img-20241122-wa0099341634866358689551.jpg 1079w\" sizes=\"auto, (max-width: 710px) 100vw, 710px\" \/><\/figure>\n\n\n\n<figure class=\"wp-block-image\"><img loading=\"lazy\" decoding=\"async\" width=\"768\" height=\"1024\" src=\"https:\/\/plumanegranoticias.com\/wp-content\/uploads\/2024\/11\/img-20241122-wa01001627156009768538636-768x1024.jpg\" alt=\"\" class=\"wp-image-6264\" srcset=\"https:\/\/plumanegranoticias.com\/wp-content\/uploads\/2024\/11\/img-20241122-wa01001627156009768538636-768x1024.jpg 768w, https:\/\/plumanegranoticias.com\/wp-content\/uploads\/2024\/11\/img-20241122-wa01001627156009768538636-225x300.jpg 225w, https:\/\/plumanegranoticias.com\/wp-content\/uploads\/2024\/11\/img-20241122-wa01001627156009768538636-1152x1536.jpg 1152w, https:\/\/plumanegranoticias.com\/wp-content\/uploads\/2024\/11\/img-20241122-wa01001627156009768538636.jpg 1200w\" sizes=\"auto, (max-width: 768px) 100vw, 768px\" \/><\/figure>\n","protected":false},"excerpt":{"rendered":"<p>\ud83d\udd4a\ufe0f \u00a1Hasta siempre G\u00fcero! Despiden a joven de #Hueyapan de Ocampo que perdi\u00f3 la vida en accidente de motocicleta\ud83d\udd4a\ufe0f Armando Azamar | Hueyapan de Ocampo, Ver.Entre llanto y aplausos, este viernes 22 de noviembre fue sepultado el joven quien perdiera la vida en un accidente sobre la carretera federal 180, a unos metros de la&#8230; <\/p>\n<div class=\"clear\"><\/div>\n<p><a href=\"https:\/\/plumanegranoticias.com\/?p=6265\" class=\"excerpt-read-more\">Read More<i class=\"fa fa-caret-right icon-caret-right\"><\/i><\/a><\/p>\n","protected":false},"author":2,"featured_media":6263,"comment_status":"open","ping_status":"open","sticky":false,"template":"","format":"standard","meta":{"om_disable_all_campaigns":false,"_monsterinsights_skip_tracking":false,"_monsterinsights_sitenote_active":false,"_monsterinsights_sitenote_note":"","_monsterinsights_sitenote_category":0,"_uf_show_specific_survey":0,"_uf_disable_surveys":false,"footnotes":""},"categories":[1],"tags":[22,18,19],"class_list":["post-6265","post","type-post","status-publish","format-standard","has-post-thumbnail","hentry","category-blog","tag-nota-roja","tag-noticia","tag-regional"],"aioseo_notices":[],"_links":{"self":[{"href":"https:\/\/plumanegranoticias.com\/index.php?rest_route=\/wp\/v2\/posts\/6265","targetHints":{"allow":["GET"]}}],"collection":[{"href":"https:\/\/plumanegranoticias.com\/index.php?rest_route=\/wp\/v2\/posts"}],"about":[{"href":"https:\/\/plumanegranoticias.com\/index.php?rest_route=\/wp\/v2\/types\/post"}],"author":[{"embeddable":true,"href":"https:\/\/plumanegranoticias.com\/index.php?rest_route=\/wp\/v2\/users\/2"}],"replies":[{"embeddable":true,"href":"https:\/\/plumanegranoticias.com\/index.php?rest_route=%2Fwp%2Fv2%2Fcomments&post=6265"}],"version-history":[{"count":1,"href":"https:\/\/plumanegranoticias.com\/index.php?rest_route=\/wp\/v2\/posts\/6265\/revisions"}],"predecessor-version":[{"id":6266,"href":"https:\/\/plumanegranoticias.com\/index.php?rest_route=\/wp\/v2\/posts\/6265\/revisions\/6266"}],"wp:featuredmedia":[{"embeddable":true,"href":"https:\/\/plumanegranoticias.com\/index.php?rest_route=\/wp\/v2\/media\/6263"}],"wp:attachment":[{"href":"https:\/\/plumanegranoticias.com\/index.php?rest_route=%2Fwp%2Fv2%2Fmedia&parent=6265"}],"wp:term":[{"taxonomy":"category","embeddable":true,"href":"https:\/\/plumanegranoticias.com\/index.php?rest_route=%2Fwp%2Fv2%2Fcategories&post=6265"},{"taxonomy":"post_tag","embeddable":true,"href":"https:\/\/plumanegranoticias.com\/index.php?rest_route=%2Fwp%2Fv2%2Ftags&post=6265"}],"curies":[{"name":"wp","href":"https:\/\/api.w.org\/{rel}","templated":true}]}}