{"id":6288,"date":"2024-11-22T20:50:21","date_gmt":"2024-11-23T02:50:21","guid":{"rendered":"https:\/\/plumanegranoticias.com\/?p=6288"},"modified":"2024-11-22T20:51:22","modified_gmt":"2024-11-23T02:51:22","slug":"una-muerta-y-un-herido-en-cabeza-olmeca","status":"publish","type":"post","link":"https:\/\/plumanegranoticias.com\/?p=6288","title":{"rendered":"UNA MUERTA Y UN HERIDO EN CABEZA OLMECA"},"content":{"rendered":"\n<p>Una mujer muri\u00f3 y un var\u00f3n se encuentra herido, tras ser embestidos por un veh\u00edculo mientras viajaban en un triciclo en la carretera federal Veracruz-Xalapa a la altura de la Cabeza Olmeca.<\/p>\n\n\n\n<p>Param\u00e9dicos de protecci\u00f3n civil de Tlalixcoyan prestaron ayuda a los afectados en coordinaci\u00f3n con una unidad de emergencias de CAPUFE.<\/p>\n\n\n\n<p>Se presume que\u00a0 una camioneta color blanco provoc\u00f3 el accidente y se dio a la fuga.<\/p>\n\n\n\n<figure class=\"wp-block-image size-large\"><img loading=\"lazy\" decoding=\"async\" width=\"1024\" height=\"768\" src=\"https:\/\/plumanegranoticias.com\/wp-content\/uploads\/2024\/11\/fb_img_1732329798936267836333587219409-1024x768.jpg\" alt=\"\" class=\"wp-image-6287\" srcset=\"https:\/\/plumanegranoticias.com\/wp-content\/uploads\/2024\/11\/fb_img_1732329798936267836333587219409-1024x768.jpg 1024w, https:\/\/plumanegranoticias.com\/wp-content\/uploads\/2024\/11\/fb_img_1732329798936267836333587219409-300x225.jpg 300w, https:\/\/plumanegranoticias.com\/wp-content\/uploads\/2024\/11\/fb_img_1732329798936267836333587219409-768x576.jpg 768w, https:\/\/plumanegranoticias.com\/wp-content\/uploads\/2024\/11\/fb_img_1732329798936267836333587219409-400x300.jpg 400w, https:\/\/plumanegranoticias.com\/wp-content\/uploads\/2024\/11\/fb_img_1732329798936267836333587219409.jpg 1080w\" sizes=\"auto, (max-width: 1024px) 100vw, 1024px\" \/><\/figure>\n\n\n\n<figure class=\"wp-block-image\"><img loading=\"lazy\" decoding=\"async\" width=\"1024\" height=\"768\" src=\"https:\/\/plumanegranoticias.com\/wp-content\/uploads\/2024\/11\/fb_img_17323297963893678196703199588730-1024x768.jpg\" alt=\"\" class=\"wp-image-6286\" srcset=\"https:\/\/plumanegranoticias.com\/wp-content\/uploads\/2024\/11\/fb_img_17323297963893678196703199588730-1024x768.jpg 1024w, https:\/\/plumanegranoticias.com\/wp-content\/uploads\/2024\/11\/fb_img_17323297963893678196703199588730-300x225.jpg 300w, https:\/\/plumanegranoticias.com\/wp-content\/uploads\/2024\/11\/fb_img_17323297963893678196703199588730-768x576.jpg 768w, https:\/\/plumanegranoticias.com\/wp-content\/uploads\/2024\/11\/fb_img_17323297963893678196703199588730-400x300.jpg 400w, https:\/\/plumanegranoticias.com\/wp-content\/uploads\/2024\/11\/fb_img_17323297963893678196703199588730.jpg 1080w\" sizes=\"auto, (max-width: 1024px) 100vw, 1024px\" \/><\/figure>\n","protected":false},"excerpt":{"rendered":"<p>Una mujer muri\u00f3 y un var\u00f3n se encuentra herido, tras ser embestidos por un veh\u00edculo mientras viajaban en un triciclo en la carretera federal Veracruz-Xalapa a la altura de la Cabeza Olmeca. Param\u00e9dicos de protecci\u00f3n civil de Tlalixcoyan prestaron ayuda a los afectados en coordinaci\u00f3n con una unidad de emergencias de CAPUFE. Se presume que\u00a0&#8230; <\/p>\n<div class=\"clear\"><\/div>\n<p><a href=\"https:\/\/plumanegranoticias.com\/?p=6288\" class=\"excerpt-read-more\">Read More<i class=\"fa fa-caret-right icon-caret-right\"><\/i><\/a><\/p>\n","protected":false},"author":2,"featured_media":6290,"comment_status":"open","ping_status":"open","sticky":false,"template":"","format":"standard","meta":{"om_disable_all_campaigns":false,"_monsterinsights_skip_tracking":false,"_monsterinsights_sitenote_active":false,"_monsterinsights_sitenote_note":"","_monsterinsights_sitenote_category":0,"_uf_show_specific_survey":0,"_uf_disable_surveys":false,"footnotes":""},"categories":[1],"tags":[22,18,34],"class_list":["post-6288","post","type-post","status-publish","format-standard","has-post-thumbnail","hentry","category-blog","tag-nota-roja","tag-noticia","tag-policiaca"],"aioseo_notices":[],"_links":{"self":[{"href":"https:\/\/plumanegranoticias.com\/index.php?rest_route=\/wp\/v2\/posts\/6288","targetHints":{"allow":["GET"]}}],"collection":[{"href":"https:\/\/plumanegranoticias.com\/index.php?rest_route=\/wp\/v2\/posts"}],"about":[{"href":"https:\/\/plumanegranoticias.com\/index.php?rest_route=\/wp\/v2\/types\/post"}],"author":[{"embeddable":true,"href":"https:\/\/plumanegranoticias.com\/index.php?rest_route=\/wp\/v2\/users\/2"}],"replies":[{"embeddable":true,"href":"https:\/\/plumanegranoticias.com\/index.php?rest_route=%2Fwp%2Fv2%2Fcomments&post=6288"}],"version-history":[{"count":1,"href":"https:\/\/plumanegranoticias.com\/index.php?rest_route=\/wp\/v2\/posts\/6288\/revisions"}],"predecessor-version":[{"id":6289,"href":"https:\/\/plumanegranoticias.com\/index.php?rest_route=\/wp\/v2\/posts\/6288\/revisions\/6289"}],"wp:featuredmedia":[{"embeddable":true,"href":"https:\/\/plumanegranoticias.com\/index.php?rest_route=\/wp\/v2\/media\/6290"}],"wp:attachment":[{"href":"https:\/\/plumanegranoticias.com\/index.php?rest_route=%2Fwp%2Fv2%2Fmedia&parent=6288"}],"wp:term":[{"taxonomy":"category","embeddable":true,"href":"https:\/\/plumanegranoticias.com\/index.php?rest_route=%2Fwp%2Fv2%2Fcategories&post=6288"},{"taxonomy":"post_tag","embeddable":true,"href":"https:\/\/plumanegranoticias.com\/index.php?rest_route=%2Fwp%2Fv2%2Ftags&post=6288"}],"curies":[{"name":"wp","href":"https:\/\/api.w.org\/{rel}","templated":true}]}}