{"id":6310,"date":"2024-11-23T13:36:01","date_gmt":"2024-11-23T19:36:01","guid":{"rendered":"https:\/\/plumanegranoticias.com\/?p=6310"},"modified":"2024-11-23T13:36:23","modified_gmt":"2024-11-23T19:36:23","slug":"cualquiera-puede-sumarse-a-morena-pero-no-con-malas-practicas","status":"publish","type":"post","link":"https:\/\/plumanegranoticias.com\/?p=6310","title":{"rendered":"Cualquiera puede sumarse a Morena, pero no con malas pr\u00e1cticas"},"content":{"rendered":"\n<p>Angeles Gonz\u00e1lez Ceballos<br>Xalapa, Ver., La presidenta de la Mesa Directiva del Congreso del Estado, Tania Carola Viveros Ch\u00e1zaro, reconoci\u00f3 que cualquiera puede sumarse al Partido, pero hay pr\u00e1cticas que no tienen cabida en el Instituto pol\u00edtico.<\/p>\n\n\n\n<p>En entrevista, la exsecretaria de Formaci\u00f3n Pol\u00edtica del Movimiento record\u00f3 que a partir del 2022, Morena se abri\u00f3 de manera exponencial.<\/p>\n\n\n\n<p>&#8220;Entonces nuestro mensaje fue: aqu\u00ed todo mundo cabe, pero el tema de la formaci\u00f3n es como para aterrizar a qu\u00e9 llegamos, es decir, cualquiera puede llegar aqu\u00ed, pero es importante enfatizar que si bien las personas son bienvenidas, hay pr\u00e1cticas que no tienen cabida en este movimiento&#8221;, asever\u00f3.<\/p>\n\n\n\n<p>De manera que esas son algunas de las cosas sobre las que reflexionan en la formaci\u00f3n pol\u00edtica.<\/p>\n\n\n\n<p>Viveros Ch\u00e1zaro record\u00f3 que los estatutos del Partido definen que no pueden tener funciones ejecutivas y un cargo de elecci\u00f3n popular.<\/p>\n\n\n\n<p>Por ello, renunci\u00f3 a la cartera para asumir el cargo de diputada local, por lo que este s\u00e1bado se elegir\u00edan al nuevo secretario general y el nuevo secretario de formaci\u00f3n pol\u00edtica.<\/p>\n\n\n\n<figure class=\"wp-block-image size-large\"><img loading=\"lazy\" decoding=\"async\" width=\"1024\" height=\"768\" src=\"https:\/\/plumanegranoticias.com\/wp-content\/uploads\/2024\/11\/img-20241123-wa00433084176601823258902-1024x768.jpg\" alt=\"\" class=\"wp-image-6309\" srcset=\"https:\/\/plumanegranoticias.com\/wp-content\/uploads\/2024\/11\/img-20241123-wa00433084176601823258902-1024x768.jpg 1024w, https:\/\/plumanegranoticias.com\/wp-content\/uploads\/2024\/11\/img-20241123-wa00433084176601823258902-300x225.jpg 300w, https:\/\/plumanegranoticias.com\/wp-content\/uploads\/2024\/11\/img-20241123-wa00433084176601823258902-768x576.jpg 768w, https:\/\/plumanegranoticias.com\/wp-content\/uploads\/2024\/11\/img-20241123-wa00433084176601823258902-1536x1152.jpg 1536w, https:\/\/plumanegranoticias.com\/wp-content\/uploads\/2024\/11\/img-20241123-wa00433084176601823258902-400x300.jpg 400w, https:\/\/plumanegranoticias.com\/wp-content\/uploads\/2024\/11\/img-20241123-wa00433084176601823258902.jpg 1600w\" sizes=\"auto, (max-width: 1024px) 100vw, 1024px\" \/><\/figure>\n","protected":false},"excerpt":{"rendered":"<p>Angeles Gonz\u00e1lez CeballosXalapa, Ver., La presidenta de la Mesa Directiva del Congreso del Estado, Tania Carola Viveros Ch\u00e1zaro, reconoci\u00f3 que cualquiera puede sumarse al Partido, pero hay pr\u00e1cticas que no tienen cabida en el Instituto pol\u00edtico. En entrevista, la exsecretaria de Formaci\u00f3n Pol\u00edtica del Movimiento record\u00f3 que a partir del 2022, Morena se abri\u00f3 de&#8230; <\/p>\n<div class=\"clear\"><\/div>\n<p><a href=\"https:\/\/plumanegranoticias.com\/?p=6310\" class=\"excerpt-read-more\">Read More<i class=\"fa fa-caret-right icon-caret-right\"><\/i><\/a><\/p>\n","protected":false},"author":2,"featured_media":6312,"comment_status":"open","ping_status":"open","sticky":false,"template":"","format":"standard","meta":{"om_disable_all_campaigns":false,"_monsterinsights_skip_tracking":false,"_monsterinsights_sitenote_active":false,"_monsterinsights_sitenote_note":"","_monsterinsights_sitenote_category":0,"_uf_show_specific_survey":0,"_uf_disable_surveys":false,"footnotes":""},"categories":[1],"tags":[30,61,19],"class_list":["post-6310","post","type-post","status-publish","format-standard","has-post-thumbnail","hentry","category-blog","tag-plumazos","tag-politica","tag-regional"],"aioseo_notices":[],"_links":{"self":[{"href":"https:\/\/plumanegranoticias.com\/index.php?rest_route=\/wp\/v2\/posts\/6310","targetHints":{"allow":["GET"]}}],"collection":[{"href":"https:\/\/plumanegranoticias.com\/index.php?rest_route=\/wp\/v2\/posts"}],"about":[{"href":"https:\/\/plumanegranoticias.com\/index.php?rest_route=\/wp\/v2\/types\/post"}],"author":[{"embeddable":true,"href":"https:\/\/plumanegranoticias.com\/index.php?rest_route=\/wp\/v2\/users\/2"}],"replies":[{"embeddable":true,"href":"https:\/\/plumanegranoticias.com\/index.php?rest_route=%2Fwp%2Fv2%2Fcomments&post=6310"}],"version-history":[{"count":1,"href":"https:\/\/plumanegranoticias.com\/index.php?rest_route=\/wp\/v2\/posts\/6310\/revisions"}],"predecessor-version":[{"id":6311,"href":"https:\/\/plumanegranoticias.com\/index.php?rest_route=\/wp\/v2\/posts\/6310\/revisions\/6311"}],"wp:featuredmedia":[{"embeddable":true,"href":"https:\/\/plumanegranoticias.com\/index.php?rest_route=\/wp\/v2\/media\/6312"}],"wp:attachment":[{"href":"https:\/\/plumanegranoticias.com\/index.php?rest_route=%2Fwp%2Fv2%2Fmedia&parent=6310"}],"wp:term":[{"taxonomy":"category","embeddable":true,"href":"https:\/\/plumanegranoticias.com\/index.php?rest_route=%2Fwp%2Fv2%2Fcategories&post=6310"},{"taxonomy":"post_tag","embeddable":true,"href":"https:\/\/plumanegranoticias.com\/index.php?rest_route=%2Fwp%2Fv2%2Ftags&post=6310"}],"curies":[{"name":"wp","href":"https:\/\/api.w.org\/{rel}","templated":true}]}}