{"id":6324,"date":"2024-11-24T11:17:59","date_gmt":"2024-11-24T17:17:59","guid":{"rendered":"https:\/\/plumanegranoticias.com\/?p=6324"},"modified":"2024-11-24T11:18:18","modified_gmt":"2024-11-24T17:18:18","slug":"analizaran-cambio-de-horario-para-escuelas-por-frios","status":"publish","type":"post","link":"https:\/\/plumanegranoticias.com\/?p=6324","title":{"rendered":"Analizar\u00e1n cambio de horario para escuelas por fr\u00edos"},"content":{"rendered":"\n<p>-Desconoce secretario si suspendieron pago a maestra secuestrada<\/p>\n\n\n\n<p>\u00c1ngeles Gonz\u00e1lez Ceballos<br>Xalapa, Ver., El secretario de Educaci\u00f3n, V\u00edctor Vargas Barrientos, adelant\u00f3 que analizar\u00e1n c\u00f3mo se presenta la temporada invernal para decidir si hay cambio de horario de entrada de las escuelas en algunas regiones.<\/p>\n\n\n\n<p>En entrevista, durante la inauguraci\u00f3n del parque Naturalia, expuso que ello ser\u00eda sobre todo en el nivel de educaci\u00f3n b\u00e1sica, es decir, en las escuelas primarias y secundarias.<\/p>\n\n\n\n<p>&#8220;Dependiendo de c\u00f3mo se vaya dando el tema del clima. Reafirmar que seguiremos monitoreando con Protecci\u00f3n Civil y esperando las indicaciones del Gobernador&#8221;, asever\u00f3.<\/p>\n\n\n\n<p>En otro tema, el Secretario indic\u00f3 que no han tenido ning\u00fan reporte por cuestiones de inseguridad contra los trabajadores de la educaci\u00f3n.<\/p>\n\n\n\n<p>Dijo que as\u00ed como hay una constante comunicaci\u00f3n con la Secretar\u00eda de Protecci\u00f3n Civil, tambi\u00e9n lo hay con la Secretaria de Seguridad P\u00fablica por si llegase a ocurrir alguna situaci\u00f3n de riesgo.<\/p>\n\n\n\n<p>&#8220;Estamos en contacto permanente para tomar algunas medidas en caso de alguna situaci\u00f3n de inseguridad que puedan sufrir las maestras o maestros del Estado&#8221;, indic\u00f3.<\/p>\n\n\n\n<p>En el caso de la desaparici\u00f3n de la maestra Abigail Garc\u00eda Perdomo, secuestrada el 14 de marzo de 2024, en el municipio de Actopan, dijo que desconce qu\u00e9 ha sucedido con el pago de su n\u00f3mina.<\/p>\n\n\n\n<p>Cuestionado sobre lo que sus familiares indican en el sentido de que ya no pueden tener recursos para poder apoyar en su b\u00fasqueda, dijo que investigar\u00eda.<\/p>\n\n\n\n<p>&#8220;En el caso de que sea as\u00ed, tomar las medidas necesarias&#8221;, manifest\u00f3.<\/p>\n\n\n\n<figure class=\"wp-block-image size-large\"><img loading=\"lazy\" decoding=\"async\" width=\"1024\" height=\"576\" src=\"https:\/\/plumanegranoticias.com\/wp-content\/uploads\/2024\/11\/img-20241124-wa00112001844037903645291-1024x576.jpg\" alt=\"\" class=\"wp-image-6323\" srcset=\"https:\/\/plumanegranoticias.com\/wp-content\/uploads\/2024\/11\/img-20241124-wa00112001844037903645291-1024x576.jpg 1024w, https:\/\/plumanegranoticias.com\/wp-content\/uploads\/2024\/11\/img-20241124-wa00112001844037903645291-300x169.jpg 300w, https:\/\/plumanegranoticias.com\/wp-content\/uploads\/2024\/11\/img-20241124-wa00112001844037903645291-768x432.jpg 768w, https:\/\/plumanegranoticias.com\/wp-content\/uploads\/2024\/11\/img-20241124-wa00112001844037903645291-1536x864.jpg 1536w, https:\/\/plumanegranoticias.com\/wp-content\/uploads\/2024\/11\/img-20241124-wa00112001844037903645291.jpg 1600w\" sizes=\"auto, (max-width: 1024px) 100vw, 1024px\" \/><\/figure>\n","protected":false},"excerpt":{"rendered":"<p>-Desconoce secretario si suspendieron pago a maestra secuestrada \u00c1ngeles Gonz\u00e1lez CeballosXalapa, Ver., El secretario de Educaci\u00f3n, V\u00edctor Vargas Barrientos, adelant\u00f3 que analizar\u00e1n c\u00f3mo se presenta la temporada invernal para decidir si hay cambio de horario de entrada de las escuelas en algunas regiones. En entrevista, durante la inauguraci\u00f3n del parque Naturalia, expuso que ello ser\u00eda&#8230; <\/p>\n<div class=\"clear\"><\/div>\n<p><a href=\"https:\/\/plumanegranoticias.com\/?p=6324\" class=\"excerpt-read-more\">Read More<i class=\"fa fa-caret-right icon-caret-right\"><\/i><\/a><\/p>\n","protected":false},"author":2,"featured_media":6326,"comment_status":"open","ping_status":"open","sticky":false,"template":"","format":"standard","meta":{"om_disable_all_campaigns":false,"_monsterinsights_skip_tracking":false,"_monsterinsights_sitenote_active":false,"_monsterinsights_sitenote_note":"","_monsterinsights_sitenote_category":0,"_uf_show_specific_survey":0,"_uf_disable_surveys":false,"footnotes":""},"categories":[1],"tags":[18,61,19],"class_list":["post-6324","post","type-post","status-publish","format-standard","has-post-thumbnail","hentry","category-blog","tag-noticia","tag-politica","tag-regional"],"aioseo_notices":[],"_links":{"self":[{"href":"https:\/\/plumanegranoticias.com\/index.php?rest_route=\/wp\/v2\/posts\/6324","targetHints":{"allow":["GET"]}}],"collection":[{"href":"https:\/\/plumanegranoticias.com\/index.php?rest_route=\/wp\/v2\/posts"}],"about":[{"href":"https:\/\/plumanegranoticias.com\/index.php?rest_route=\/wp\/v2\/types\/post"}],"author":[{"embeddable":true,"href":"https:\/\/plumanegranoticias.com\/index.php?rest_route=\/wp\/v2\/users\/2"}],"replies":[{"embeddable":true,"href":"https:\/\/plumanegranoticias.com\/index.php?rest_route=%2Fwp%2Fv2%2Fcomments&post=6324"}],"version-history":[{"count":1,"href":"https:\/\/plumanegranoticias.com\/index.php?rest_route=\/wp\/v2\/posts\/6324\/revisions"}],"predecessor-version":[{"id":6325,"href":"https:\/\/plumanegranoticias.com\/index.php?rest_route=\/wp\/v2\/posts\/6324\/revisions\/6325"}],"wp:featuredmedia":[{"embeddable":true,"href":"https:\/\/plumanegranoticias.com\/index.php?rest_route=\/wp\/v2\/media\/6326"}],"wp:attachment":[{"href":"https:\/\/plumanegranoticias.com\/index.php?rest_route=%2Fwp%2Fv2%2Fmedia&parent=6324"}],"wp:term":[{"taxonomy":"category","embeddable":true,"href":"https:\/\/plumanegranoticias.com\/index.php?rest_route=%2Fwp%2Fv2%2Fcategories&post=6324"},{"taxonomy":"post_tag","embeddable":true,"href":"https:\/\/plumanegranoticias.com\/index.php?rest_route=%2Fwp%2Fv2%2Ftags&post=6324"}],"curies":[{"name":"wp","href":"https:\/\/api.w.org\/{rel}","templated":true}]}}