{"id":6354,"date":"2024-11-24T14:05:00","date_gmt":"2024-11-24T20:05:00","guid":{"rendered":"https:\/\/plumanegranoticias.com\/?p=6354"},"modified":"2024-11-24T14:05:48","modified_gmt":"2024-11-24T20:05:48","slug":"no-ha-confirmado-la-presidenta-claudia-sheinbaum-asistencia-a-toma-de-protesta-de-rocio-nahle","status":"publish","type":"post","link":"https:\/\/plumanegranoticias.com\/?p=6354","title":{"rendered":"No ha confirmado la presidenta Claudia Sheinbaum asistencia a toma de protesta de Roc\u00edo Nahle"},"content":{"rendered":"\n<p>Angeles Gonz\u00e1lez Ceballos<br>Xalapa, Ver., La pr\u00f3xima gobernadora de Veracruz, Roc\u00edo Nahle Garc\u00eda, indic\u00f3 que la presidenta de M\u00e9xico, Claudia Sheinbaum Pardo, a\u00fan no ha confirmado su asistencia a su toma de posesi\u00f3n, el pr\u00f3ximo 1 de diciembre, al Congreso del Estado.<\/p>\n\n\n\n<p>En muy breves palabras, este domingo al concluir el r\u00e9cord La Bamba 2024, a donde acudi\u00f3 como invitada especial, dijo que est\u00e1 invitada, pero no ha confirmado.<\/p>\n\n\n\n<p>&#8220;No s\u00e9, todav\u00eda no nos confirma, est\u00e1 invitada, pero no sabemos&#8221;, respondi\u00f3 a los medios de comunicaci\u00f3n.<\/p>\n\n\n\n<p>La toma de protesta est\u00e1 programada para el domingo 1 de diciembre a las 10:00 horas en el Congreso de Veracruz.<\/p>\n\n\n\n<p>Posteriormente, se prev\u00e9 que despu\u00e9s de rendir protesta, Nahle Garc\u00eda se traslade a palacio de Gobierno para que les tome la protesta de Ley a los integrantes de su gabinete.<\/p>\n\n\n\n<p>Este mismo domingo la presidenta de la Mesa Directiva del Congreso del Estado, Tania Carola Viveros Ch\u00e1zaro indic\u00f3 que la Gobernadora realizar\u00eda un evento en la plaza Lerdo, ya que no todos podr\u00e1n asistir a la Legislatura local.<\/p>\n\n\n\n<figure class=\"wp-block-video\"><video height=\"478\" style=\"aspect-ratio: 848 \/ 478;\" width=\"848\" controls src=\"https:\/\/plumanegranoticias.com\/wp-content\/uploads\/2024\/11\/VID-20241124-WA0045.mp4\"><\/video><figcaption class=\"wp-element-caption\">Roc\u00edo Nahle Garc\u00eda <\/figcaption><\/figure>\n","protected":false},"excerpt":{"rendered":"<p>Angeles Gonz\u00e1lez CeballosXalapa, Ver., La pr\u00f3xima gobernadora de Veracruz, Roc\u00edo Nahle Garc\u00eda, indic\u00f3 que la presidenta de M\u00e9xico, Claudia Sheinbaum Pardo, a\u00fan no ha confirmado su asistencia a su toma de posesi\u00f3n, el pr\u00f3ximo 1 de diciembre, al Congreso del Estado. En muy breves palabras, este domingo al concluir el r\u00e9cord La Bamba 2024, a&#8230; <\/p>\n<div class=\"clear\"><\/div>\n<p><a href=\"https:\/\/plumanegranoticias.com\/?p=6354\" class=\"excerpt-read-more\">Read More<i class=\"fa fa-caret-right icon-caret-right\"><\/i><\/a><\/p>\n","protected":false},"author":2,"featured_media":6356,"comment_status":"open","ping_status":"open","sticky":false,"template":"","format":"standard","meta":{"om_disable_all_campaigns":false,"_monsterinsights_skip_tracking":false,"_monsterinsights_sitenote_active":false,"_monsterinsights_sitenote_note":"","_monsterinsights_sitenote_category":0,"_uf_show_specific_survey":0,"_uf_disable_surveys":false,"footnotes":""},"categories":[1],"tags":[28,20,22,18],"class_list":["post-6354","post","type-post","status-publish","format-standard","has-post-thumbnail","hentry","category-blog","tag-nacionales","tag-negocios","tag-nota-roja","tag-noticia"],"aioseo_notices":[],"_links":{"self":[{"href":"https:\/\/plumanegranoticias.com\/index.php?rest_route=\/wp\/v2\/posts\/6354","targetHints":{"allow":["GET"]}}],"collection":[{"href":"https:\/\/plumanegranoticias.com\/index.php?rest_route=\/wp\/v2\/posts"}],"about":[{"href":"https:\/\/plumanegranoticias.com\/index.php?rest_route=\/wp\/v2\/types\/post"}],"author":[{"embeddable":true,"href":"https:\/\/plumanegranoticias.com\/index.php?rest_route=\/wp\/v2\/users\/2"}],"replies":[{"embeddable":true,"href":"https:\/\/plumanegranoticias.com\/index.php?rest_route=%2Fwp%2Fv2%2Fcomments&post=6354"}],"version-history":[{"count":1,"href":"https:\/\/plumanegranoticias.com\/index.php?rest_route=\/wp\/v2\/posts\/6354\/revisions"}],"predecessor-version":[{"id":6355,"href":"https:\/\/plumanegranoticias.com\/index.php?rest_route=\/wp\/v2\/posts\/6354\/revisions\/6355"}],"wp:featuredmedia":[{"embeddable":true,"href":"https:\/\/plumanegranoticias.com\/index.php?rest_route=\/wp\/v2\/media\/6356"}],"wp:attachment":[{"href":"https:\/\/plumanegranoticias.com\/index.php?rest_route=%2Fwp%2Fv2%2Fmedia&parent=6354"}],"wp:term":[{"taxonomy":"category","embeddable":true,"href":"https:\/\/plumanegranoticias.com\/index.php?rest_route=%2Fwp%2Fv2%2Fcategories&post=6354"},{"taxonomy":"post_tag","embeddable":true,"href":"https:\/\/plumanegranoticias.com\/index.php?rest_route=%2Fwp%2Fv2%2Ftags&post=6354"}],"curies":[{"name":"wp","href":"https:\/\/api.w.org\/{rel}","templated":true}]}}