{"id":6387,"date":"2024-11-25T11:00:51","date_gmt":"2024-11-25T17:00:51","guid":{"rendered":"https:\/\/plumanegranoticias.com\/?p=6387"},"modified":"2024-11-25T11:01:54","modified_gmt":"2024-11-25T17:01:54","slug":"confirma-presidente-de-jucopo-asistencia-de-la-presidenta-sheinbaum-y-14-gobernadores-a-toma-de-nahle-este-domingo","status":"publish","type":"post","link":"https:\/\/plumanegranoticias.com\/?p=6387","title":{"rendered":"Confirma presidente de JUCOPO asistencia de la presidenta Sheinbaum y 14 gobernadores a toma de Nahle, este domingo"},"content":{"rendered":"\n<p>Angeles Gonz\u00e1lez Ceballos<br>Xalapa, Ver., l presidente de la Junta de Coordinaci\u00f3n Pol\u00edtica (JUCOPO) en el Congreso del Estado, Esteban Bautista Hern\u00e1ndez, confirm\u00f3 la asistencia de la presidenta de M\u00e9xico, Claudia Sheinbaum, a la toma de protesta de la gobernadora Roc\u00edo Nahle Garc\u00eda.<br>En entrevista, el legislador de Morena, inform\u00f3 que ya confirmaron su asistencia 14 gobernadores de distintas entidades del Pa\u00eds.<br>\u201cEl evento del d\u00eda domingo est\u00e1 plenamente garantizado, como les dec\u00eda nuestra compa\u00f1era gobernadora es la que est\u00e1 viendo la log\u00edstica, nosotros somos anfitriones. Vamos a tener a la presidenta de la Rep\u00fablica y a 14 gobernadores\u201d, indic\u00f3 en breve entrevista.<br>Est\u00e1 previsto que el evento de la toma de protesta de la gobernadora Roc\u00edo Nahle se lleve a cabo este domingo 1 de diciembre a las 10:00 de la ma\u00f1ana, posteriormente se trasladar\u00e1 a palacio de Gobierno, as\u00ed como a un evento en la plaza Lerdo.<br>En otro tema, luego de la agresi\u00f3n a una reportera y a un diputado por parte de asistentes a la comparecencia del secretario de Seguridad P\u00fablica, Cuauht\u00e9moc Z\u00fa\u00f1iga Bonilla, se le pregunt\u00f3 sobre la revisi\u00f3n a bolsas por parte de elementos del IPAX, sin embargo, neg\u00f3 que ello est\u00e9 ocurriendo.<\/p>\n\n\n\n<figure class=\"wp-block-image size-large\"><img loading=\"lazy\" decoding=\"async\" width=\"1024\" height=\"571\" src=\"https:\/\/plumanegranoticias.com\/wp-content\/uploads\/2024\/11\/img-20241125-wa00578433104103761385636-1024x571.jpg\" alt=\"\" class=\"wp-image-6385\" srcset=\"https:\/\/plumanegranoticias.com\/wp-content\/uploads\/2024\/11\/img-20241125-wa00578433104103761385636-1024x571.jpg 1024w, https:\/\/plumanegranoticias.com\/wp-content\/uploads\/2024\/11\/img-20241125-wa00578433104103761385636-300x167.jpg 300w, https:\/\/plumanegranoticias.com\/wp-content\/uploads\/2024\/11\/img-20241125-wa00578433104103761385636-768x428.jpg 768w, https:\/\/plumanegranoticias.com\/wp-content\/uploads\/2024\/11\/img-20241125-wa00578433104103761385636.jpg 1080w\" sizes=\"auto, (max-width: 1024px) 100vw, 1024px\" \/><\/figure>\n","protected":false},"excerpt":{"rendered":"<p>Angeles Gonz\u00e1lez CeballosXalapa, Ver., l presidente de la Junta de Coordinaci\u00f3n Pol\u00edtica (JUCOPO) en el Congreso del Estado, Esteban Bautista Hern\u00e1ndez, confirm\u00f3 la asistencia de la presidenta de M\u00e9xico, Claudia Sheinbaum, a la toma de protesta de la gobernadora Roc\u00edo Nahle Garc\u00eda.En entrevista, el legislador de Morena, inform\u00f3 que ya confirmaron su asistencia 14 gobernadores&#8230; <\/p>\n<div class=\"clear\"><\/div>\n<p><a href=\"https:\/\/plumanegranoticias.com\/?p=6387\" class=\"excerpt-read-more\">Read More<i class=\"fa fa-caret-right icon-caret-right\"><\/i><\/a><\/p>\n","protected":false},"author":2,"featured_media":6386,"comment_status":"open","ping_status":"open","sticky":false,"template":"","format":"standard","meta":{"om_disable_all_campaigns":false,"_monsterinsights_skip_tracking":false,"_monsterinsights_sitenote_active":false,"_monsterinsights_sitenote_note":"","_monsterinsights_sitenote_category":0,"_uf_show_specific_survey":0,"_uf_disable_surveys":false,"footnotes":""},"categories":[1],"tags":[22,18,61,19],"class_list":["post-6387","post","type-post","status-publish","format-standard","has-post-thumbnail","hentry","category-blog","tag-nota-roja","tag-noticia","tag-politica","tag-regional"],"aioseo_notices":[],"_links":{"self":[{"href":"https:\/\/plumanegranoticias.com\/index.php?rest_route=\/wp\/v2\/posts\/6387","targetHints":{"allow":["GET"]}}],"collection":[{"href":"https:\/\/plumanegranoticias.com\/index.php?rest_route=\/wp\/v2\/posts"}],"about":[{"href":"https:\/\/plumanegranoticias.com\/index.php?rest_route=\/wp\/v2\/types\/post"}],"author":[{"embeddable":true,"href":"https:\/\/plumanegranoticias.com\/index.php?rest_route=\/wp\/v2\/users\/2"}],"replies":[{"embeddable":true,"href":"https:\/\/plumanegranoticias.com\/index.php?rest_route=%2Fwp%2Fv2%2Fcomments&post=6387"}],"version-history":[{"count":1,"href":"https:\/\/plumanegranoticias.com\/index.php?rest_route=\/wp\/v2\/posts\/6387\/revisions"}],"predecessor-version":[{"id":6388,"href":"https:\/\/plumanegranoticias.com\/index.php?rest_route=\/wp\/v2\/posts\/6387\/revisions\/6388"}],"wp:featuredmedia":[{"embeddable":true,"href":"https:\/\/plumanegranoticias.com\/index.php?rest_route=\/wp\/v2\/media\/6386"}],"wp:attachment":[{"href":"https:\/\/plumanegranoticias.com\/index.php?rest_route=%2Fwp%2Fv2%2Fmedia&parent=6387"}],"wp:term":[{"taxonomy":"category","embeddable":true,"href":"https:\/\/plumanegranoticias.com\/index.php?rest_route=%2Fwp%2Fv2%2Fcategories&post=6387"},{"taxonomy":"post_tag","embeddable":true,"href":"https:\/\/plumanegranoticias.com\/index.php?rest_route=%2Fwp%2Fv2%2Ftags&post=6387"}],"curies":[{"name":"wp","href":"https:\/\/api.w.org\/{rel}","templated":true}]}}