{"id":6403,"date":"2024-11-25T17:21:01","date_gmt":"2024-11-25T23:21:01","guid":{"rendered":"https:\/\/plumanegranoticias.com\/?p=6403"},"modified":"2024-11-25T17:21:23","modified_gmt":"2024-11-25T23:21:23","slug":"christian-perez-martinez-activista-social-y-titular-de-voces-del-pueblo-anuncia-que-participara-en-el-proceso-interno-de-morena-para-las-elecciones-municipales","status":"publish","type":"post","link":"https:\/\/plumanegranoticias.com\/?p=6403","title":{"rendered":"Christian P\u00e9rez Mart\u00ednez, activista social y titular de Voces del Pueblo anuncia que participar\u00e1 en el Proceso Interno de MORENA para las elecciones Municipales."},"content":{"rendered":"\n<p>Declar\u00f3 que dicha decisi\u00f3n se debi\u00f3 a la petici\u00f3n de la ciudadan\u00eda y la invitaci\u00f3n de l\u00edderes nacionales.<br>*Se dijo confiado en que el Partido llevar\u00e1 a cabo un proceso transparente y de \u201cpiso parejo\u201d.<\/p>\n\n\n\n<p>Lunes 25 de noviembre del 2025. Atoyac, Ver.- Cristian Mart\u00ednez activista social y titular del Colectivo Voces del Pueblo anunci\u00f3 esta ma\u00f1ana su intenci\u00f3n de competir en el Proceso Interno de Selecci\u00f3n de Candidatos rumbo a las elecciones Municipales del 2025.<\/p>\n\n\n\n<p>El oriundo de la Colonia Sixto Gonz\u00e1lez de Potrero Nuevo relat\u00f3 que la necesidad de oportunidades de empleo lo llevaron a radicar algunos a\u00f1os en la Ciudad de M\u00e9xico donde adem\u00e1s se form\u00f3 dentro de organizaciones de izquierda al lado del expresidente Andr\u00e9s Manuel L\u00f3pez Obrador y la actual Presidenta Claudia Sheinbaum as\u00ed como con el Presidente de la C\u00e1mara de Diputados Gerardo Fern\u00e1ndez Noro\u00f1a con quienes comparti\u00f3 las calles en protestas para defender los derechos de la ciudadan\u00eda y otras causas.<\/p>\n\n\n\n<p>Narr\u00f3 adem\u00e1s que desde hace aproximadamente 5 a\u00f1os inici\u00f3 una lucha en el Municipio de Atoyac atendiendo distintas causas sociales que lo llevaron a conocer de cerca las necesidades de la ciudadan\u00eda.<\/p>\n\n\n\n<p>P\u00e9rez Mart\u00ednez, pidi\u00f3 adem\u00e1s a los dem\u00e1s aspirantes llevar a cabo un proceso interno de unidad y respeto, en el que se compromete a respetar el resultado de la encuesta y pide que se haga lo mismo.<\/p>\n\n\n\n<p>Se dijo respetuoso de los procesos electorales y esperar\u00e1 las fechas adecuadas para emprender su trabajo pol\u00edtico.<\/p>\n\n\n\n<figure class=\"wp-block-image size-large\"><img loading=\"lazy\" decoding=\"async\" width=\"1024\" height=\"684\" src=\"https:\/\/plumanegranoticias.com\/wp-content\/uploads\/2024\/11\/img-20241125-wa01425247844175100851097-1024x684.jpg\" alt=\"\" class=\"wp-image-6401\" srcset=\"https:\/\/plumanegranoticias.com\/wp-content\/uploads\/2024\/11\/img-20241125-wa01425247844175100851097-1024x684.jpg 1024w, https:\/\/plumanegranoticias.com\/wp-content\/uploads\/2024\/11\/img-20241125-wa01425247844175100851097-300x200.jpg 300w, https:\/\/plumanegranoticias.com\/wp-content\/uploads\/2024\/11\/img-20241125-wa01425247844175100851097-768x513.jpg 768w, https:\/\/plumanegranoticias.com\/wp-content\/uploads\/2024\/11\/img-20241125-wa01425247844175100851097-1536x1025.jpg 1536w, https:\/\/plumanegranoticias.com\/wp-content\/uploads\/2024\/11\/img-20241125-wa01425247844175100851097.jpg 1600w\" sizes=\"auto, (max-width: 1024px) 100vw, 1024px\" \/><\/figure>\n\n\n\n<figure class=\"wp-block-image\"><img loading=\"lazy\" decoding=\"async\" width=\"1024\" height=\"684\" src=\"https:\/\/plumanegranoticias.com\/wp-content\/uploads\/2024\/11\/img-20241125-wa0140373031765927029087-1024x684.jpg\" alt=\"\" class=\"wp-image-6402\" srcset=\"https:\/\/plumanegranoticias.com\/wp-content\/uploads\/2024\/11\/img-20241125-wa0140373031765927029087-1024x684.jpg 1024w, https:\/\/plumanegranoticias.com\/wp-content\/uploads\/2024\/11\/img-20241125-wa0140373031765927029087-300x200.jpg 300w, https:\/\/plumanegranoticias.com\/wp-content\/uploads\/2024\/11\/img-20241125-wa0140373031765927029087-768x513.jpg 768w, https:\/\/plumanegranoticias.com\/wp-content\/uploads\/2024\/11\/img-20241125-wa0140373031765927029087-1536x1025.jpg 1536w, https:\/\/plumanegranoticias.com\/wp-content\/uploads\/2024\/11\/img-20241125-wa0140373031765927029087.jpg 1600w\" sizes=\"auto, (max-width: 1024px) 100vw, 1024px\" \/><\/figure>\n","protected":false},"excerpt":{"rendered":"<p>Declar\u00f3 que dicha decisi\u00f3n se debi\u00f3 a la petici\u00f3n de la ciudadan\u00eda y la invitaci\u00f3n de l\u00edderes nacionales.*Se dijo confiado en que el Partido llevar\u00e1 a cabo un proceso transparente y de \u201cpiso parejo\u201d. Lunes 25 de noviembre del 2025. Atoyac, Ver.- Cristian Mart\u00ednez activista social y titular del Colectivo Voces del Pueblo anunci\u00f3 esta&#8230; <\/p>\n<div class=\"clear\"><\/div>\n<p><a href=\"https:\/\/plumanegranoticias.com\/?p=6403\" class=\"excerpt-read-more\">Read More<i class=\"fa fa-caret-right icon-caret-right\"><\/i><\/a><\/p>\n","protected":false},"author":2,"featured_media":6405,"comment_status":"open","ping_status":"open","sticky":false,"template":"","format":"standard","meta":{"om_disable_all_campaigns":false,"_monsterinsights_skip_tracking":false,"_monsterinsights_sitenote_active":false,"_monsterinsights_sitenote_note":"","_monsterinsights_sitenote_category":0,"_uf_show_specific_survey":0,"_uf_disable_surveys":false,"footnotes":""},"categories":[1],"tags":[22,18,19,33],"class_list":["post-6403","post","type-post","status-publish","format-standard","has-post-thumbnail","hentry","category-blog","tag-nota-roja","tag-noticia","tag-regional","tag-tendencias"],"aioseo_notices":[],"_links":{"self":[{"href":"https:\/\/plumanegranoticias.com\/index.php?rest_route=\/wp\/v2\/posts\/6403","targetHints":{"allow":["GET"]}}],"collection":[{"href":"https:\/\/plumanegranoticias.com\/index.php?rest_route=\/wp\/v2\/posts"}],"about":[{"href":"https:\/\/plumanegranoticias.com\/index.php?rest_route=\/wp\/v2\/types\/post"}],"author":[{"embeddable":true,"href":"https:\/\/plumanegranoticias.com\/index.php?rest_route=\/wp\/v2\/users\/2"}],"replies":[{"embeddable":true,"href":"https:\/\/plumanegranoticias.com\/index.php?rest_route=%2Fwp%2Fv2%2Fcomments&post=6403"}],"version-history":[{"count":1,"href":"https:\/\/plumanegranoticias.com\/index.php?rest_route=\/wp\/v2\/posts\/6403\/revisions"}],"predecessor-version":[{"id":6404,"href":"https:\/\/plumanegranoticias.com\/index.php?rest_route=\/wp\/v2\/posts\/6403\/revisions\/6404"}],"wp:featuredmedia":[{"embeddable":true,"href":"https:\/\/plumanegranoticias.com\/index.php?rest_route=\/wp\/v2\/media\/6405"}],"wp:attachment":[{"href":"https:\/\/plumanegranoticias.com\/index.php?rest_route=%2Fwp%2Fv2%2Fmedia&parent=6403"}],"wp:term":[{"taxonomy":"category","embeddable":true,"href":"https:\/\/plumanegranoticias.com\/index.php?rest_route=%2Fwp%2Fv2%2Fcategories&post=6403"},{"taxonomy":"post_tag","embeddable":true,"href":"https:\/\/plumanegranoticias.com\/index.php?rest_route=%2Fwp%2Fv2%2Ftags&post=6403"}],"curies":[{"name":"wp","href":"https:\/\/api.w.org\/{rel}","templated":true}]}}