{"id":6411,"date":"2024-11-25T17:58:03","date_gmt":"2024-11-25T23:58:03","guid":{"rendered":"https:\/\/plumanegranoticias.com\/?p=6411"},"modified":"2024-11-25T17:58:32","modified_gmt":"2024-11-25T23:58:32","slug":"prision-preventiva-a-presunto-feminicida-en-las-choapas","status":"publish","type":"post","link":"https:\/\/plumanegranoticias.com\/?p=6411","title":{"rendered":"PRISI\u00d3N PREVENTIVA A PRESUNTO FEMINICIDA EN LAS CHOAPAS"},"content":{"rendered":"\n<p>Las Choapas, Ver., 25 de noviembre de 2024.-La Fiscal\u00eda General del Estado, a trav\u00e9s de la Fiscal\u00eda Regional Coatzacoalcos, realiz\u00f3 imputaci\u00f3n en contra de Francisco Javier \u201cN\u201d como probable responsable del delito de feminicidio, en agravio de la v\u00edctima identificada con las iniciales K.A.G.<\/p>\n\n\n\n<p>Hechos suscitados el 13 de noviembre del a\u00f1o en curso, al interior del domicilio de la v\u00edctima, ubicado en la colonia Agraria de esta ciudad, cuando presuntamente la priv\u00f3 de la vida y posteriormente se dio a la fuga.&nbsp;<\/p>\n\n\n\n<p>El juez dict\u00f3 como medida cautelar prisi\u00f3n preventiva justificada, dentro del proceso penal 181\/2024.<\/p>\n\n\n\n<p>\u00a0<\/p>\n\n\n\n<figure class=\"wp-block-image size-large\"><img loading=\"lazy\" decoding=\"async\" width=\"1024\" height=\"1024\" src=\"https:\/\/plumanegranoticias.com\/wp-content\/uploads\/2024\/11\/img-20241125-wa01154529753058757171480-1024x1024.jpg\" alt=\"\" class=\"wp-image-6410\" srcset=\"https:\/\/plumanegranoticias.com\/wp-content\/uploads\/2024\/11\/img-20241125-wa01154529753058757171480-1024x1024.jpg 1024w, https:\/\/plumanegranoticias.com\/wp-content\/uploads\/2024\/11\/img-20241125-wa01154529753058757171480-300x300.jpg 300w, https:\/\/plumanegranoticias.com\/wp-content\/uploads\/2024\/11\/img-20241125-wa01154529753058757171480-150x150.jpg 150w, https:\/\/plumanegranoticias.com\/wp-content\/uploads\/2024\/11\/img-20241125-wa01154529753058757171480-768x768.jpg 768w, https:\/\/plumanegranoticias.com\/wp-content\/uploads\/2024\/11\/img-20241125-wa01154529753058757171480-400x400.jpg 400w, https:\/\/plumanegranoticias.com\/wp-content\/uploads\/2024\/11\/img-20241125-wa01154529753058757171480.jpg 1200w\" sizes=\"auto, (max-width: 1024px) 100vw, 1024px\" \/><\/figure>\n","protected":false},"excerpt":{"rendered":"<p>Las Choapas, Ver., 25 de noviembre de 2024.-La Fiscal\u00eda General del Estado, a trav\u00e9s de la Fiscal\u00eda Regional Coatzacoalcos, realiz\u00f3 imputaci\u00f3n en contra de Francisco Javier \u201cN\u201d como probable responsable del delito de feminicidio, en agravio de la v\u00edctima identificada con las iniciales K.A.G. Hechos suscitados el 13 de noviembre del a\u00f1o en curso, al&#8230; <\/p>\n<div class=\"clear\"><\/div>\n<p><a href=\"https:\/\/plumanegranoticias.com\/?p=6411\" class=\"excerpt-read-more\">Read More<i class=\"fa fa-caret-right icon-caret-right\"><\/i><\/a><\/p>\n","protected":false},"author":2,"featured_media":6413,"comment_status":"open","ping_status":"open","sticky":false,"template":"","format":"standard","meta":{"om_disable_all_campaigns":false,"_monsterinsights_skip_tracking":false,"_monsterinsights_sitenote_active":false,"_monsterinsights_sitenote_note":"","_monsterinsights_sitenote_category":0,"_uf_show_specific_survey":0,"_uf_disable_surveys":false,"footnotes":""},"categories":[1],"tags":[18,61,19],"class_list":["post-6411","post","type-post","status-publish","format-standard","has-post-thumbnail","hentry","category-blog","tag-noticia","tag-politica","tag-regional"],"aioseo_notices":[],"_links":{"self":[{"href":"https:\/\/plumanegranoticias.com\/index.php?rest_route=\/wp\/v2\/posts\/6411","targetHints":{"allow":["GET"]}}],"collection":[{"href":"https:\/\/plumanegranoticias.com\/index.php?rest_route=\/wp\/v2\/posts"}],"about":[{"href":"https:\/\/plumanegranoticias.com\/index.php?rest_route=\/wp\/v2\/types\/post"}],"author":[{"embeddable":true,"href":"https:\/\/plumanegranoticias.com\/index.php?rest_route=\/wp\/v2\/users\/2"}],"replies":[{"embeddable":true,"href":"https:\/\/plumanegranoticias.com\/index.php?rest_route=%2Fwp%2Fv2%2Fcomments&post=6411"}],"version-history":[{"count":1,"href":"https:\/\/plumanegranoticias.com\/index.php?rest_route=\/wp\/v2\/posts\/6411\/revisions"}],"predecessor-version":[{"id":6412,"href":"https:\/\/plumanegranoticias.com\/index.php?rest_route=\/wp\/v2\/posts\/6411\/revisions\/6412"}],"wp:featuredmedia":[{"embeddable":true,"href":"https:\/\/plumanegranoticias.com\/index.php?rest_route=\/wp\/v2\/media\/6413"}],"wp:attachment":[{"href":"https:\/\/plumanegranoticias.com\/index.php?rest_route=%2Fwp%2Fv2%2Fmedia&parent=6411"}],"wp:term":[{"taxonomy":"category","embeddable":true,"href":"https:\/\/plumanegranoticias.com\/index.php?rest_route=%2Fwp%2Fv2%2Fcategories&post=6411"},{"taxonomy":"post_tag","embeddable":true,"href":"https:\/\/plumanegranoticias.com\/index.php?rest_route=%2Fwp%2Fv2%2Ftags&post=6411"}],"curies":[{"name":"wp","href":"https:\/\/api.w.org\/{rel}","templated":true}]}}