{"id":6417,"date":"2024-11-25T18:05:16","date_gmt":"2024-11-26T00:05:16","guid":{"rendered":"https:\/\/plumanegranoticias.com\/?p=6417"},"modified":"2024-11-25T18:05:40","modified_gmt":"2024-11-26T00:05:40","slug":"no-podemos-con-todo-dicen-mujeres-al-gobierno-al-protestar-contra-las-violencias-contra-las-mujeres","status":"publish","type":"post","link":"https:\/\/plumanegranoticias.com\/?p=6417","title":{"rendered":"&#8220;No podemos con todo&#8221;, dicen mujeres al Gobierno al protestar contra las violencias contra las mujeres"},"content":{"rendered":"\n<p>\u00c1ngeles Gonz\u00e1lez Ceballos<br>Xalapa, Ver., En el marco del D\u00eda Internacional para la Eliminaci\u00f3n de la Violencia Contra las Mujeres, diferentes colectivas, grupos culturales y organizaciones civiles de concentraron en la plaza Lerdo para manifestarse en contra de los distintos tipos de violencia contra la mujer.<\/p>\n\n\n\n<p>Ana Valderrama de la de la colectiva de Sobrevivientes de Feminicidio, lament\u00f3 que las autoridades del Estado quieran levantar la segunda Alerta de Violencia de G\u00e9nero por Agravio Comparado, cuando no hay resultados en la b\u00fasqueda de desaparecidas y v\u00edctimas de otros delitos.<\/p>\n\n\n\n<p>&#8220;Estamos impulsando tanto la Ley contra la Violencia de G\u00e9nero en el Estado de Veracruz porque no hay, queremos que sea una ejemplar&#8221;, expres\u00f3.<\/p>\n\n\n\n<p>Indic\u00f3 que a partir de este lunes 25 de noviembre inici\u00f3 una jornada de 16 d\u00edas de activismo para conjuntar acciones que visibilicen la necesidad de prevenir y atender las agresiones contra mujeres, que muchas veces terminan en feminicidios.<\/p>\n\n\n\n<p>Propuso que en el siguiente gobierno haya mesas de trabajo en las que se escuche a las mujeres feministas de los diferentes colectivos.<\/p>\n\n\n\n<p>&#8220;No podemos con todo, estamos rebasadas. Necesitamos voluntad en todos los esca\u00f1os de Gobierno, empezando por la gobernadora para que todo vaya fluyendo y podamos hacer el empuje desde la sociedad civil&#8221;, asever\u00f3.<\/p>\n\n\n\n<p>La protesta mantuvo cerrado el primer cuadro de la ciudad por algunas horas.<\/p>\n\n\n\n<figure class=\"wp-block-image size-large\"><img loading=\"lazy\" decoding=\"async\" width=\"1024\" height=\"576\" src=\"https:\/\/plumanegranoticias.com\/wp-content\/uploads\/2024\/11\/img-20241125-wa01512780492508140931821-1024x576.jpg\" alt=\"\" class=\"wp-image-6415\" srcset=\"https:\/\/plumanegranoticias.com\/wp-content\/uploads\/2024\/11\/img-20241125-wa01512780492508140931821-1024x576.jpg 1024w, https:\/\/plumanegranoticias.com\/wp-content\/uploads\/2024\/11\/img-20241125-wa01512780492508140931821-300x169.jpg 300w, https:\/\/plumanegranoticias.com\/wp-content\/uploads\/2024\/11\/img-20241125-wa01512780492508140931821-768x432.jpg 768w, https:\/\/plumanegranoticias.com\/wp-content\/uploads\/2024\/11\/img-20241125-wa01512780492508140931821-1536x864.jpg 1536w, https:\/\/plumanegranoticias.com\/wp-content\/uploads\/2024\/11\/img-20241125-wa01512780492508140931821.jpg 1600w\" sizes=\"auto, (max-width: 1024px) 100vw, 1024px\" \/><\/figure>\n\n\n\n<figure class=\"wp-block-image\"><img loading=\"lazy\" decoding=\"async\" width=\"1024\" height=\"768\" src=\"https:\/\/plumanegranoticias.com\/wp-content\/uploads\/2024\/11\/img-20241125-wa01562617949857243342573-1024x768.jpg\" alt=\"\" class=\"wp-image-6416\" srcset=\"https:\/\/plumanegranoticias.com\/wp-content\/uploads\/2024\/11\/img-20241125-wa01562617949857243342573-1024x768.jpg 1024w, https:\/\/plumanegranoticias.com\/wp-content\/uploads\/2024\/11\/img-20241125-wa01562617949857243342573-300x225.jpg 300w, https:\/\/plumanegranoticias.com\/wp-content\/uploads\/2024\/11\/img-20241125-wa01562617949857243342573-768x576.jpg 768w, https:\/\/plumanegranoticias.com\/wp-content\/uploads\/2024\/11\/img-20241125-wa01562617949857243342573-400x300.jpg 400w, https:\/\/plumanegranoticias.com\/wp-content\/uploads\/2024\/11\/img-20241125-wa01562617949857243342573.jpg 1152w\" sizes=\"auto, (max-width: 1024px) 100vw, 1024px\" \/><\/figure>\n\n\n\n<figure class=\"wp-block-image\"><img loading=\"lazy\" decoding=\"async\" width=\"1024\" height=\"576\" src=\"https:\/\/plumanegranoticias.com\/wp-content\/uploads\/2024\/11\/img-20241125-wa0153504564871058654113-1024x576.jpg\" alt=\"\" class=\"wp-image-6414\" srcset=\"https:\/\/plumanegranoticias.com\/wp-content\/uploads\/2024\/11\/img-20241125-wa0153504564871058654113-1024x576.jpg 1024w, https:\/\/plumanegranoticias.com\/wp-content\/uploads\/2024\/11\/img-20241125-wa0153504564871058654113-300x169.jpg 300w, https:\/\/plumanegranoticias.com\/wp-content\/uploads\/2024\/11\/img-20241125-wa0153504564871058654113-768x432.jpg 768w, https:\/\/plumanegranoticias.com\/wp-content\/uploads\/2024\/11\/img-20241125-wa0153504564871058654113-1536x864.jpg 1536w, https:\/\/plumanegranoticias.com\/wp-content\/uploads\/2024\/11\/img-20241125-wa0153504564871058654113.jpg 1600w\" sizes=\"auto, (max-width: 1024px) 100vw, 1024px\" \/><\/figure>\n","protected":false},"excerpt":{"rendered":"<p>\u00c1ngeles Gonz\u00e1lez CeballosXalapa, Ver., En el marco del D\u00eda Internacional para la Eliminaci\u00f3n de la Violencia Contra las Mujeres, diferentes colectivas, grupos culturales y organizaciones civiles de concentraron en la plaza Lerdo para manifestarse en contra de los distintos tipos de violencia contra la mujer. Ana Valderrama de la de la colectiva de Sobrevivientes de&#8230; <\/p>\n<div class=\"clear\"><\/div>\n<p><a href=\"https:\/\/plumanegranoticias.com\/?p=6417\" class=\"excerpt-read-more\">Read More<i class=\"fa fa-caret-right icon-caret-right\"><\/i><\/a><\/p>\n","protected":false},"author":2,"featured_media":6419,"comment_status":"open","ping_status":"open","sticky":false,"template":"","format":"standard","meta":{"om_disable_all_campaigns":false,"_monsterinsights_skip_tracking":false,"_monsterinsights_sitenote_active":false,"_monsterinsights_sitenote_note":"","_monsterinsights_sitenote_category":0,"_uf_show_specific_survey":0,"_uf_disable_surveys":false,"footnotes":""},"categories":[1],"tags":[18,19,31],"class_list":["post-6417","post","type-post","status-publish","format-standard","has-post-thumbnail","hentry","category-blog","tag-noticia","tag-regional","tag-reporte-ciudadano"],"aioseo_notices":[],"_links":{"self":[{"href":"https:\/\/plumanegranoticias.com\/index.php?rest_route=\/wp\/v2\/posts\/6417","targetHints":{"allow":["GET"]}}],"collection":[{"href":"https:\/\/plumanegranoticias.com\/index.php?rest_route=\/wp\/v2\/posts"}],"about":[{"href":"https:\/\/plumanegranoticias.com\/index.php?rest_route=\/wp\/v2\/types\/post"}],"author":[{"embeddable":true,"href":"https:\/\/plumanegranoticias.com\/index.php?rest_route=\/wp\/v2\/users\/2"}],"replies":[{"embeddable":true,"href":"https:\/\/plumanegranoticias.com\/index.php?rest_route=%2Fwp%2Fv2%2Fcomments&post=6417"}],"version-history":[{"count":1,"href":"https:\/\/plumanegranoticias.com\/index.php?rest_route=\/wp\/v2\/posts\/6417\/revisions"}],"predecessor-version":[{"id":6418,"href":"https:\/\/plumanegranoticias.com\/index.php?rest_route=\/wp\/v2\/posts\/6417\/revisions\/6418"}],"wp:featuredmedia":[{"embeddable":true,"href":"https:\/\/plumanegranoticias.com\/index.php?rest_route=\/wp\/v2\/media\/6419"}],"wp:attachment":[{"href":"https:\/\/plumanegranoticias.com\/index.php?rest_route=%2Fwp%2Fv2%2Fmedia&parent=6417"}],"wp:term":[{"taxonomy":"category","embeddable":true,"href":"https:\/\/plumanegranoticias.com\/index.php?rest_route=%2Fwp%2Fv2%2Fcategories&post=6417"},{"taxonomy":"post_tag","embeddable":true,"href":"https:\/\/plumanegranoticias.com\/index.php?rest_route=%2Fwp%2Fv2%2Ftags&post=6417"}],"curies":[{"name":"wp","href":"https:\/\/api.w.org\/{rel}","templated":true}]}}