{"id":6468,"date":"2024-11-26T17:07:44","date_gmt":"2024-11-26T23:07:44","guid":{"rendered":"https:\/\/plumanegranoticias.com\/?p=6468"},"modified":"2024-11-26T17:08:05","modified_gmt":"2024-11-26T23:08:05","slug":"sin-comite-organizador-dan-fechas-del-carnaval-de-veracruz-2025","status":"publish","type":"post","link":"https:\/\/plumanegranoticias.com\/?p=6468","title":{"rendered":"Sin Comit\u00e9 Organizador, dan fechas del Carnaval de Veracruz 2025"},"content":{"rendered":"\n<p>Alejandro \u00c1vila<\/p>\n\n\n\n<p>Veracruz, Ver.- Sin detalles concretos del evento debido que no hay un Comit\u00e9 Organizador tras el deceso de Luis Antonio P\u00e9rez Fraga, la alcaldesa Patricia Lobeira Rodr\u00edguez, dio a conocer las fechas del Carnaval de Veracruz en el a\u00f1o 2025.<\/p>\n\n\n\n<p>La presidenta municipal dijo que el pr\u00f3ximo a\u00f1o el evento masivo se realizar\u00e1 del 26 de julio al 2 de julio, una semana antes que la edici\u00f3n del 2024, esto con la finalidad de evitar las lluvias que atormentaron esta \u00faltima edici\u00f3n.<\/p>\n\n\n\n<p>El 26 de junio se realizar\u00e1 la Quema del Mal Humor, el 27 de junio la coronaci\u00f3n de los Reyes infantiles y los Reyes de la Alegr\u00eda, del 28 de junio al 1 de julio los desfiles en el boulevar &#8220;Manuel \u00c1vila Camacho&#8221;, y el 2 de julio el entierro de Juan Carnaval.<\/p>\n\n\n\n<p>Al momento no se tiene idea de c\u00f3mo se eligir\u00e1n a los soberanos de las fiestas del Rey Momo, por lo que se solicit\u00f3 a la ciudadan\u00eda que en caso de tener alg\u00fan favorito, podr\u00edan enviar su candidato a trav\u00e9s de las redes sociales del Ayuntamiento y del Comit\u00e9 de Carnaval; de la misma manera, sus preferencias para los conciertos masivos de la pr\u00f3xima edici\u00f3n.<\/p>\n\n\n\n<figure class=\"wp-block-image size-large\"><img loading=\"lazy\" decoding=\"async\" width=\"1024\" height=\"580\" src=\"https:\/\/plumanegranoticias.com\/wp-content\/uploads\/2024\/11\/img-20241126-wa00541688083377925755906-1024x580.jpg\" alt=\"\" class=\"wp-image-6467\" srcset=\"https:\/\/plumanegranoticias.com\/wp-content\/uploads\/2024\/11\/img-20241126-wa00541688083377925755906-1024x580.jpg 1024w, https:\/\/plumanegranoticias.com\/wp-content\/uploads\/2024\/11\/img-20241126-wa00541688083377925755906-300x170.jpg 300w, https:\/\/plumanegranoticias.com\/wp-content\/uploads\/2024\/11\/img-20241126-wa00541688083377925755906-768x435.jpg 768w, https:\/\/plumanegranoticias.com\/wp-content\/uploads\/2024\/11\/img-20241126-wa00541688083377925755906-1536x870.jpg 1536w, https:\/\/plumanegranoticias.com\/wp-content\/uploads\/2024\/11\/img-20241126-wa00541688083377925755906.jpg 1599w\" sizes=\"auto, (max-width: 1024px) 100vw, 1024px\" \/><\/figure>\n","protected":false},"excerpt":{"rendered":"<p>Alejandro \u00c1vila Veracruz, Ver.- Sin detalles concretos del evento debido que no hay un Comit\u00e9 Organizador tras el deceso de Luis Antonio P\u00e9rez Fraga, la alcaldesa Patricia Lobeira Rodr\u00edguez, dio a conocer las fechas del Carnaval de Veracruz en el a\u00f1o 2025. La presidenta municipal dijo que el pr\u00f3ximo a\u00f1o el evento masivo se realizar\u00e1&#8230; <\/p>\n<div class=\"clear\"><\/div>\n<p><a href=\"https:\/\/plumanegranoticias.com\/?p=6468\" class=\"excerpt-read-more\">Read More<i class=\"fa fa-caret-right icon-caret-right\"><\/i><\/a><\/p>\n","protected":false},"author":2,"featured_media":6470,"comment_status":"open","ping_status":"open","sticky":false,"template":"","format":"standard","meta":{"om_disable_all_campaigns":false,"_monsterinsights_skip_tracking":false,"_monsterinsights_sitenote_active":false,"_monsterinsights_sitenote_note":"","_monsterinsights_sitenote_category":0,"_uf_show_specific_survey":0,"_uf_disable_surveys":false,"footnotes":""},"categories":[1],"tags":[18,34,61],"class_list":["post-6468","post","type-post","status-publish","format-standard","has-post-thumbnail","hentry","category-blog","tag-noticia","tag-policiaca","tag-politica"],"aioseo_notices":[],"_links":{"self":[{"href":"https:\/\/plumanegranoticias.com\/index.php?rest_route=\/wp\/v2\/posts\/6468","targetHints":{"allow":["GET"]}}],"collection":[{"href":"https:\/\/plumanegranoticias.com\/index.php?rest_route=\/wp\/v2\/posts"}],"about":[{"href":"https:\/\/plumanegranoticias.com\/index.php?rest_route=\/wp\/v2\/types\/post"}],"author":[{"embeddable":true,"href":"https:\/\/plumanegranoticias.com\/index.php?rest_route=\/wp\/v2\/users\/2"}],"replies":[{"embeddable":true,"href":"https:\/\/plumanegranoticias.com\/index.php?rest_route=%2Fwp%2Fv2%2Fcomments&post=6468"}],"version-history":[{"count":1,"href":"https:\/\/plumanegranoticias.com\/index.php?rest_route=\/wp\/v2\/posts\/6468\/revisions"}],"predecessor-version":[{"id":6469,"href":"https:\/\/plumanegranoticias.com\/index.php?rest_route=\/wp\/v2\/posts\/6468\/revisions\/6469"}],"wp:featuredmedia":[{"embeddable":true,"href":"https:\/\/plumanegranoticias.com\/index.php?rest_route=\/wp\/v2\/media\/6470"}],"wp:attachment":[{"href":"https:\/\/plumanegranoticias.com\/index.php?rest_route=%2Fwp%2Fv2%2Fmedia&parent=6468"}],"wp:term":[{"taxonomy":"category","embeddable":true,"href":"https:\/\/plumanegranoticias.com\/index.php?rest_route=%2Fwp%2Fv2%2Fcategories&post=6468"},{"taxonomy":"post_tag","embeddable":true,"href":"https:\/\/plumanegranoticias.com\/index.php?rest_route=%2Fwp%2Fv2%2Ftags&post=6468"}],"curies":[{"name":"wp","href":"https:\/\/api.w.org\/{rel}","templated":true}]}}