{"id":6558,"date":"2024-11-27T17:14:20","date_gmt":"2024-11-27T23:14:20","guid":{"rendered":"https:\/\/plumanegranoticias.com\/?p=6558"},"modified":"2024-11-27T17:15:13","modified_gmt":"2024-11-27T23:15:13","slug":"propone-diputado-diego-castaneda-disminuir-de-9-a-4-anos-el-cargo-de-fiscal-general","status":"publish","type":"post","link":"https:\/\/plumanegranoticias.com\/?p=6558","title":{"rendered":"Propone diputado Diego Casta\u00f1eda disminuir de 9 a 4 a\u00f1os el cargo de fiscal general"},"content":{"rendered":"\n<p>Angeles Gonz\u00e1lez Ceballos<br>Xalapa, Ver., El diputado local Diego Casta\u00f1eda Aburto propuso una iniciativa para reformar diversos art\u00edculos de la Constituci\u00f3n Pol\u00edtica del Estado para reducir el periodo de 9 a 4 a\u00f1os del o la fiscal general del Estado, con la posibilidad de evaluar el desempe\u00f1o y, de acuerdo a \u00e9ste, permitir que repita en un segundo per\u00edodo.<\/p>\n\n\n\n<p>Asimismo, aumentar los requisitos que debe cumplir el cargo de fiscal general del Estado, con la finalidad de obtener un mayor control sobre los deberes y obligaciones que debe observar por considerarse de evidente importancia p\u00fablica y pol\u00edtica.<\/p>\n\n\n\n<p>De esa manera, el legislador de Morena propuso reformar la fracci\u00f3n 44 del art\u00edculo 33, la fracci\u00f3n 22 del art\u00edculo 29, los incisos B, C y D del art\u00edculo 67 y adicionar la fracci\u00f3n 24 al art\u00edculo 49, todos de la Constituci\u00f3n del Estado.<\/p>\n\n\n\n<p>Sostuvo que a\u00fan est\u00e1 en proceso de consolidaci\u00f3n el procedimiento \u201cadecuado\u201d para la designaci\u00f3n del titular de la Fiscal\u00eda, que satisfaga con plenitud las exigencias pol\u00edticas, jur\u00eddicas, t\u00e9cnicas y sociales en un ambiente p\u00fablico cada vez m\u00e1s democr\u00e1tico.<\/p>\n\n\n\n<p>Por lo que, al haber comparado los textos federal y local de las constituciones respectivas, determinaron que hay \u00e1reas de oportunidad que abonan a la consolidaci\u00f3n de la democracia.<\/p>\n\n\n\n<p>Subray\u00f3 que la persecuci\u00f3n de los delitos es una funci\u00f3n que no s\u00f3lo circunscribe al \u00e1mbito jur\u00eddico social, sino que tambi\u00e9n arroja notables consecuencias y repercusiones pol\u00edticas que deben encontrarse susceptibles de ser vigiladas y supervisadas.<\/p>\n\n\n\n<p>\u201cEsta iniciativa propone el aumento de los requisitos que debe cumplir la persona aspirante al cargo con la finalidad de obtener un mayor control sobre los deberes y obligaciones que debe observar por considerarse de evidente importancia p\u00fablica y pol\u00edtica.<\/p>\n\n\n\n<p>Los cuales consisten en, que adem\u00e1s de los que ya existen, someterse y acreditar, en t\u00e9rminos de la Ley, las evaluaciones y certificaciones de control y confianza correspondiente, as\u00ed como no haber desempe\u00f1ado cargo de elecci\u00f3n popular o cargo de direcci\u00f3n en un partido pol\u00edtico un a\u00f1o previo a su designaci\u00f3n\u201d, expuso.<\/p>\n\n\n\n<p>Asimismo, destac\u00f3 que el perfil del o la titular del cargo de Fiscal general, ser\u00e1 de una persona honorable, con conocimientos y experiencias en el \u00e1mbito jur\u00eddico y de procuraci\u00f3n justicia, que tenga capacidad de administraci\u00f3n y direcci\u00f3n institucional, as\u00ed como de dise\u00f1o y ejecuci\u00f3n de pol\u00edticas p\u00fablicas.<\/p>\n\n\n\n<p>Adem\u00e1s, que sea independiente en su actuaci\u00f3n con una visi\u00f3n de respeto y protecci\u00f3n de los derechos humanos, atenci\u00f3n a las v\u00edctimas y a la perspectiva de g\u00e9nero.<br \/>El congresista enfatiz\u00f3 que la mayor relevancia de la propuesta es la temporalidad del cargo de fiscal general, toda vez que se reduce el periodo de 9 a 4 a\u00f1os en el cargo, con la posibilidad de evaluar el desempe\u00f1o y, de acuerdo a \u00e9ste, permitir si repite en un segundo per\u00edodo.<\/p>\n\n\n\n<p>Aclar\u00f3 que en el caso de la ratificaci\u00f3n se har\u00e1 una valoraci\u00f3n del cargo para determinar si contin\u00faa o no en el mismo, no s\u00f3lo en beneficio de la persona que busca ser ratificada sino como una garant\u00eda de la sociedad, de contar con titulares de \u00f3rganos id\u00f3neos.<\/p>\n\n\n\n<figure class=\"wp-block-image size-large\"><img loading=\"lazy\" decoding=\"async\" width=\"300\" height=\"150\" src=\"https:\/\/plumanegranoticias.com\/wp-content\/uploads\/2024\/11\/images-43161621996773452209-300x150.jpg\" alt=\"\" class=\"wp-image-6556\" srcset=\"https:\/\/plumanegranoticias.com\/wp-content\/uploads\/2024\/11\/images-43161621996773452209-300x150.jpg 300w, https:\/\/plumanegranoticias.com\/wp-content\/uploads\/2024\/11\/images-43161621996773452209-768x384.jpg 768w, https:\/\/plumanegranoticias.com\/wp-content\/uploads\/2024\/11\/images-43161621996773452209.jpg 783w\" sizes=\"auto, (max-width: 300px) 100vw, 300px\" \/><\/figure>\n","protected":false},"excerpt":{"rendered":"<p>Angeles Gonz\u00e1lez CeballosXalapa, Ver., El diputado local Diego Casta\u00f1eda Aburto propuso una iniciativa para reformar diversos art\u00edculos de la Constituci\u00f3n Pol\u00edtica del Estado para reducir el periodo de 9 a 4 a\u00f1os del o la fiscal general del Estado, con la posibilidad de evaluar el desempe\u00f1o y, de acuerdo a \u00e9ste, permitir que repita en&#8230; <\/p>\n<div class=\"clear\"><\/div>\n<p><a href=\"https:\/\/plumanegranoticias.com\/?p=6558\" class=\"excerpt-read-more\">Read More<i class=\"fa fa-caret-right icon-caret-right\"><\/i><\/a><\/p>\n","protected":false},"author":2,"featured_media":6557,"comment_status":"open","ping_status":"open","sticky":false,"template":"","format":"standard","meta":{"om_disable_all_campaigns":false,"_monsterinsights_skip_tracking":false,"_monsterinsights_sitenote_active":false,"_monsterinsights_sitenote_note":"","_monsterinsights_sitenote_category":0,"_uf_show_specific_survey":0,"_uf_disable_surveys":false,"footnotes":""},"categories":[1],"tags":[61,19],"class_list":["post-6558","post","type-post","status-publish","format-standard","has-post-thumbnail","hentry","category-blog","tag-politica","tag-regional"],"aioseo_notices":[],"_links":{"self":[{"href":"https:\/\/plumanegranoticias.com\/index.php?rest_route=\/wp\/v2\/posts\/6558","targetHints":{"allow":["GET"]}}],"collection":[{"href":"https:\/\/plumanegranoticias.com\/index.php?rest_route=\/wp\/v2\/posts"}],"about":[{"href":"https:\/\/plumanegranoticias.com\/index.php?rest_route=\/wp\/v2\/types\/post"}],"author":[{"embeddable":true,"href":"https:\/\/plumanegranoticias.com\/index.php?rest_route=\/wp\/v2\/users\/2"}],"replies":[{"embeddable":true,"href":"https:\/\/plumanegranoticias.com\/index.php?rest_route=%2Fwp%2Fv2%2Fcomments&post=6558"}],"version-history":[{"count":1,"href":"https:\/\/plumanegranoticias.com\/index.php?rest_route=\/wp\/v2\/posts\/6558\/revisions"}],"predecessor-version":[{"id":6559,"href":"https:\/\/plumanegranoticias.com\/index.php?rest_route=\/wp\/v2\/posts\/6558\/revisions\/6559"}],"wp:featuredmedia":[{"embeddable":true,"href":"https:\/\/plumanegranoticias.com\/index.php?rest_route=\/wp\/v2\/media\/6557"}],"wp:attachment":[{"href":"https:\/\/plumanegranoticias.com\/index.php?rest_route=%2Fwp%2Fv2%2Fmedia&parent=6558"}],"wp:term":[{"taxonomy":"category","embeddable":true,"href":"https:\/\/plumanegranoticias.com\/index.php?rest_route=%2Fwp%2Fv2%2Fcategories&post=6558"},{"taxonomy":"post_tag","embeddable":true,"href":"https:\/\/plumanegranoticias.com\/index.php?rest_route=%2Fwp%2Fv2%2Ftags&post=6558"}],"curies":[{"name":"wp","href":"https:\/\/api.w.org\/{rel}","templated":true}]}}