{"id":6589,"date":"2024-11-28T12:11:18","date_gmt":"2024-11-28T18:11:18","guid":{"rendered":"https:\/\/plumanegranoticias.com\/?p=6589"},"modified":"2024-11-28T12:11:38","modified_gmt":"2024-11-28T18:11:38","slug":"vinculado-a-proceso-como-probable-responsable-del-delito-de-feminicidio","status":"publish","type":"post","link":"https:\/\/plumanegranoticias.com\/?p=6589","title":{"rendered":"Vinculado a proceso como probable responsable del delito de feminicidio"},"content":{"rendered":"\n<p>Coatzacoalcos, Ver., 28 de noviembre 2024.- La Fiscal\u00eda Especializada en Delitos de Violencia contra la Familia, Mujeres, Ni\u00f1as y Ni\u00f1os y de Trata de Personas obtuvo vinculaci\u00f3n a proceso en contra de Rodrigo \u201cN\u201d como probable responsable del delito de feminicidio en agravio de una v\u00edctima de identidad resguardada.<\/p>\n\n\n\n<p>Hechos ocurridos el 9 de noviembre del a\u00f1o en curso en la zona centro de esta ciudad, cuando el ahora vinculado a proceso probablemente ingres\u00f3 al domicilio de la v\u00edctima y la agredi\u00f3 f\u00edsicamente, caus\u00e1ndole diversas lesiones hasta privarla de la vida.<\/p>\n\n\n\n<p>El juez dict\u00f3 como medida cautelar prisi\u00f3n preventiva justificada, dentro del proceso penal 740\/2024.<\/p>\n\n\n\n<figure class=\"wp-block-image size-large\"><img loading=\"lazy\" decoding=\"async\" width=\"1024\" height=\"1024\" src=\"https:\/\/plumanegranoticias.com\/wp-content\/uploads\/2024\/11\/img-20241128-wa00515271618884599841379-1024x1024.jpg\" alt=\"\" class=\"wp-image-6588\" srcset=\"https:\/\/plumanegranoticias.com\/wp-content\/uploads\/2024\/11\/img-20241128-wa00515271618884599841379-1024x1024.jpg 1024w, https:\/\/plumanegranoticias.com\/wp-content\/uploads\/2024\/11\/img-20241128-wa00515271618884599841379-300x300.jpg 300w, https:\/\/plumanegranoticias.com\/wp-content\/uploads\/2024\/11\/img-20241128-wa00515271618884599841379-150x150.jpg 150w, https:\/\/plumanegranoticias.com\/wp-content\/uploads\/2024\/11\/img-20241128-wa00515271618884599841379-768x768.jpg 768w, https:\/\/plumanegranoticias.com\/wp-content\/uploads\/2024\/11\/img-20241128-wa00515271618884599841379-400x400.jpg 400w, https:\/\/plumanegranoticias.com\/wp-content\/uploads\/2024\/11\/img-20241128-wa00515271618884599841379.jpg 1200w\" sizes=\"auto, (max-width: 1024px) 100vw, 1024px\" \/><\/figure>\n","protected":false},"excerpt":{"rendered":"<p>Coatzacoalcos, Ver., 28 de noviembre 2024.- La Fiscal\u00eda Especializada en Delitos de Violencia contra la Familia, Mujeres, Ni\u00f1as y Ni\u00f1os y de Trata de Personas obtuvo vinculaci\u00f3n a proceso en contra de Rodrigo \u201cN\u201d como probable responsable del delito de feminicidio en agravio de una v\u00edctima de identidad resguardada. Hechos ocurridos el 9 de noviembre&#8230; <\/p>\n<div class=\"clear\"><\/div>\n<p><a href=\"https:\/\/plumanegranoticias.com\/?p=6589\" class=\"excerpt-read-more\">Read More<i class=\"fa fa-caret-right icon-caret-right\"><\/i><\/a><\/p>\n","protected":false},"author":2,"featured_media":6591,"comment_status":"open","ping_status":"open","sticky":false,"template":"","format":"standard","meta":{"om_disable_all_campaigns":false,"_monsterinsights_skip_tracking":false,"_monsterinsights_sitenote_active":false,"_monsterinsights_sitenote_note":"","_monsterinsights_sitenote_category":0,"_uf_show_specific_survey":0,"_uf_disable_surveys":false,"footnotes":""},"categories":[1],"tags":[22,18,34],"class_list":["post-6589","post","type-post","status-publish","format-standard","has-post-thumbnail","hentry","category-blog","tag-nota-roja","tag-noticia","tag-policiaca"],"aioseo_notices":[],"_links":{"self":[{"href":"https:\/\/plumanegranoticias.com\/index.php?rest_route=\/wp\/v2\/posts\/6589","targetHints":{"allow":["GET"]}}],"collection":[{"href":"https:\/\/plumanegranoticias.com\/index.php?rest_route=\/wp\/v2\/posts"}],"about":[{"href":"https:\/\/plumanegranoticias.com\/index.php?rest_route=\/wp\/v2\/types\/post"}],"author":[{"embeddable":true,"href":"https:\/\/plumanegranoticias.com\/index.php?rest_route=\/wp\/v2\/users\/2"}],"replies":[{"embeddable":true,"href":"https:\/\/plumanegranoticias.com\/index.php?rest_route=%2Fwp%2Fv2%2Fcomments&post=6589"}],"version-history":[{"count":1,"href":"https:\/\/plumanegranoticias.com\/index.php?rest_route=\/wp\/v2\/posts\/6589\/revisions"}],"predecessor-version":[{"id":6590,"href":"https:\/\/plumanegranoticias.com\/index.php?rest_route=\/wp\/v2\/posts\/6589\/revisions\/6590"}],"wp:featuredmedia":[{"embeddable":true,"href":"https:\/\/plumanegranoticias.com\/index.php?rest_route=\/wp\/v2\/media\/6591"}],"wp:attachment":[{"href":"https:\/\/plumanegranoticias.com\/index.php?rest_route=%2Fwp%2Fv2%2Fmedia&parent=6589"}],"wp:term":[{"taxonomy":"category","embeddable":true,"href":"https:\/\/plumanegranoticias.com\/index.php?rest_route=%2Fwp%2Fv2%2Fcategories&post=6589"},{"taxonomy":"post_tag","embeddable":true,"href":"https:\/\/plumanegranoticias.com\/index.php?rest_route=%2Fwp%2Fv2%2Ftags&post=6589"}],"curies":[{"name":"wp","href":"https:\/\/api.w.org\/{rel}","templated":true}]}}