{"id":6593,"date":"2024-11-28T12:13:01","date_gmt":"2024-11-28T18:13:01","guid":{"rendered":"https:\/\/plumanegranoticias.com\/?p=6593"},"modified":"2024-11-28T12:13:18","modified_gmt":"2024-11-28T18:13:18","slug":"defiende-edil-de-perote-a-granjas-carroll","status":"publish","type":"post","link":"https:\/\/plumanegranoticias.com\/?p=6593","title":{"rendered":"DEFIENDE EDIL DE PEROTE A GRANJAS CARROLL"},"content":{"rendered":"\n<p><em>Al cerrar la granja de Perote se perder\u00e1n 2 mil 700 empleos directos<\/em><\/p>\n\n\n\n<p>-Heladas de hace mes y medio afectaron m\u00e1s de 5 mil hect\u00e1reas de ma\u00edz<\/p>\n\n\n\n<p>\u00c1ngeles Gonz\u00e1lez Ceballos<br>Xalapa, Ver , El alcalde del municipio de Perote, Delfino Ortega Mart\u00ednez, defini\u00f3 que al cerrar las granjas Carroll, en la localidad de Totalco, se perder\u00e1n 2 mil 700 empleos directos y 8 mil de manera indirecta.<\/p>\n\n\n\n<p>En entrevista, expuso que otras dos granjas tuvieron observaciones de la Procuradur\u00eda de Medio Ambiente, pero ya cumplieron con lo que se les exigi\u00f3 y ya est\u00e1n trabajando de manera normal.<\/p>\n\n\n\n<p>En ese sentido, descart\u00f3 que se vaya a llevar a cabo un cierre masivo de granjas de la empresa.<\/p>\n\n\n\n<p>En otro tema, respecto de las bajas temperaturas, mencion\u00f3 que los term\u00f3metros han descendido a menos cero.<\/p>\n\n\n\n<p>Debido a ello, diversos cultivos tuvieron afectaciones, por lo que hace un mes y medio solicitaron apoyo a la Sedarpa.<\/p>\n\n\n\n<p>El Alcalde puntualiz\u00f3 que por las bajas temperaturas se da\u00f1aron 5 mil 500 hect\u00e1reas de ma\u00edz, as\u00ed como 2 mil 500 de frijol y 350 de papa.<\/p>\n\n\n\n<p>Por ello ya hicieron el reporte de afectaciones a la Sedarpa, para que se haga el proceso legal correspondiente por el siniestro.<\/p>\n\n\n\n<figure class=\"wp-block-image size-large\"><img loading=\"lazy\" decoding=\"async\" width=\"1024\" height=\"768\" src=\"https:\/\/plumanegranoticias.com\/wp-content\/uploads\/2024\/11\/img-20241128-wa00674390525542519241646-1024x768.jpg\" alt=\"\" class=\"wp-image-6592\" srcset=\"https:\/\/plumanegranoticias.com\/wp-content\/uploads\/2024\/11\/img-20241128-wa00674390525542519241646-1024x768.jpg 1024w, https:\/\/plumanegranoticias.com\/wp-content\/uploads\/2024\/11\/img-20241128-wa00674390525542519241646-300x225.jpg 300w, https:\/\/plumanegranoticias.com\/wp-content\/uploads\/2024\/11\/img-20241128-wa00674390525542519241646-768x576.jpg 768w, https:\/\/plumanegranoticias.com\/wp-content\/uploads\/2024\/11\/img-20241128-wa00674390525542519241646-400x300.jpg 400w, https:\/\/plumanegranoticias.com\/wp-content\/uploads\/2024\/11\/img-20241128-wa00674390525542519241646.jpg 1280w\" sizes=\"auto, (max-width: 1024px) 100vw, 1024px\" \/><\/figure>\n","protected":false},"excerpt":{"rendered":"<p>Al cerrar la granja de Perote se perder\u00e1n 2 mil 700 empleos directos -Heladas de hace mes y medio afectaron m\u00e1s de 5 mil hect\u00e1reas de ma\u00edz \u00c1ngeles Gonz\u00e1lez CeballosXalapa, Ver , El alcalde del municipio de Perote, Delfino Ortega Mart\u00ednez, defini\u00f3 que al cerrar las granjas Carroll, en la localidad de Totalco, se perder\u00e1n&#8230; <\/p>\n<div class=\"clear\"><\/div>\n<p><a href=\"https:\/\/plumanegranoticias.com\/?p=6593\" class=\"excerpt-read-more\">Read More<i class=\"fa fa-caret-right icon-caret-right\"><\/i><\/a><\/p>\n","protected":false},"author":2,"featured_media":6595,"comment_status":"open","ping_status":"open","sticky":false,"template":"","format":"standard","meta":{"om_disable_all_campaigns":false,"_monsterinsights_skip_tracking":false,"_monsterinsights_sitenote_active":false,"_monsterinsights_sitenote_note":"","_monsterinsights_sitenote_category":0,"_uf_show_specific_survey":0,"_uf_disable_surveys":false,"footnotes":""},"categories":[1],"tags":[18,61,19],"class_list":["post-6593","post","type-post","status-publish","format-standard","has-post-thumbnail","hentry","category-blog","tag-noticia","tag-politica","tag-regional"],"aioseo_notices":[],"_links":{"self":[{"href":"https:\/\/plumanegranoticias.com\/index.php?rest_route=\/wp\/v2\/posts\/6593","targetHints":{"allow":["GET"]}}],"collection":[{"href":"https:\/\/plumanegranoticias.com\/index.php?rest_route=\/wp\/v2\/posts"}],"about":[{"href":"https:\/\/plumanegranoticias.com\/index.php?rest_route=\/wp\/v2\/types\/post"}],"author":[{"embeddable":true,"href":"https:\/\/plumanegranoticias.com\/index.php?rest_route=\/wp\/v2\/users\/2"}],"replies":[{"embeddable":true,"href":"https:\/\/plumanegranoticias.com\/index.php?rest_route=%2Fwp%2Fv2%2Fcomments&post=6593"}],"version-history":[{"count":1,"href":"https:\/\/plumanegranoticias.com\/index.php?rest_route=\/wp\/v2\/posts\/6593\/revisions"}],"predecessor-version":[{"id":6594,"href":"https:\/\/plumanegranoticias.com\/index.php?rest_route=\/wp\/v2\/posts\/6593\/revisions\/6594"}],"wp:featuredmedia":[{"embeddable":true,"href":"https:\/\/plumanegranoticias.com\/index.php?rest_route=\/wp\/v2\/media\/6595"}],"wp:attachment":[{"href":"https:\/\/plumanegranoticias.com\/index.php?rest_route=%2Fwp%2Fv2%2Fmedia&parent=6593"}],"wp:term":[{"taxonomy":"category","embeddable":true,"href":"https:\/\/plumanegranoticias.com\/index.php?rest_route=%2Fwp%2Fv2%2Fcategories&post=6593"},{"taxonomy":"post_tag","embeddable":true,"href":"https:\/\/plumanegranoticias.com\/index.php?rest_route=%2Fwp%2Fv2%2Ftags&post=6593"}],"curies":[{"name":"wp","href":"https:\/\/api.w.org\/{rel}","templated":true}]}}